{"id":232223,"date":"2023-03-08T10:11:54","date_gmt":"2023-03-08T09:11:54","guid":{"rendered":"https:\/\/news.evearly.com\/comment-les-etats-unis-empechent-les-voitures-electriques-europeennes-de-moins-polluer\/"},"modified":"2023-12-06T11:05:29","modified_gmt":"2023-12-06T10:05:29","slug":"comment-les-etats-unis-empechent-les-voitures-electriques-europeennes-de-moins-polluer","status":"publish","type":"post","link":"https:\/\/www.evearly.news\/fr\/comment-les-etats-unis-empechent-les-voitures-electriques-europeennes-de-moins-polluer\/","title":{"rendered":"Comment les Etats-Unis emp\u00eachent les voitures \u00e9lectriques europ\u00e9ennes de moins polluer"},"content":{"rendered":"<p><img decoding=\"async\" width=\"1200\" height=\"800\" src=\"https:\/\/news.evearly.com\/wp-content\/uploads\/2023\/03\/comment-les-etats-unis-empechent-les-voitures-electriques-europeennes-de-moins-polluer.jpg\" class=\"attachment-large size-large wp-post-image\" alt=\"\" loading=\"lazy\" \/><br \/>Selon l&rsquo;ONG Transport &amp; Environnement, environ deux tiers des projets de production europ\u00e9enne de batterie pourraient \u00eatre report\u00e9s, voire annul\u00e9s d&rsquo;ici \u00e0 2030. En cause, la concurrence am\u00e9ricaine, alors que les \u00c9tats-Unis proposent des aides int\u00e9ressantes pour les constructeurs et \u00e9quipementiers. On vous explique pourquoi cela pose un vrai probl\u00e8me. <a href=\"https:\/\/www.frandroid.com\/produits-android\/automobile\/voitures-electriques\/1630229_comment-les-etats-unis-empechent-les-voitures-electriques-europeennes-de-moins-polluer\" target=\"blank\" rel=\"noopener\">Lire la suite&#8230;<\/a><\/p>\n","protected":false},"excerpt":{"rendered":"<p><img decoding=\"async\" width=\"1200\" height=\"800\" src=\"https:\/\/news.evearly.com\/wp-content\/uploads\/2023\/03\/comment-les-etats-unis-empechent-les-voitures-electriques-europeennes-de-moins-polluer.jpg\" class=\"attachment-large size-large wp-post-image\" alt=\"\" loading=\"lazy\" \/><br \/>Selon l&rsquo;ONG Transport &amp; Environnement, environ deux tiers des projets de production europ\u00e9enne de batterie pourraient \u00eatre report\u00e9s, voire annul\u00e9s d&rsquo;ici \u00e0 2030. En cause, la concurrence am\u00e9ricaine, alors que les \u00c9tats-Unis proposent des aides int\u00e9ressantes pour les constructeurs et \u00e9quipementiers. On vous explique pourquoi cela pose un vrai probl\u00e8me.<\/p>\n<p> <a class=\"continue-reading-link\" href=\"https:\/\/www.evearly.news\/fr\/comment-les-etats-unis-empechent-les-voitures-electriques-europeennes-de-moins-polluer\/\"><\/a><\/p>\n","protected":false},"author":6,"featured_media":232224,"comment_status":"closed","ping_status":"closed","sticky":false,"template":"","format":"standard","meta":{"footnotes":""},"categories":[14],"tags":[],"class_list":["post-232223","post","type-post","status-publish","format-standard","has-post-thumbnail","hentry","category-frandroid"],"_links":{"self":[{"href":"https:\/\/www.evearly.news\/fr\/wp-json\/wp\/v2\/posts\/232223","targetHints":{"allow":["GET"]}}],"collection":[{"href":"https:\/\/www.evearly.news\/fr\/wp-json\/wp\/v2\/posts"}],"about":[{"href":"https:\/\/www.evearly.news\/fr\/wp-json\/wp\/v2\/types\/post"}],"author":[{"embeddable":true,"href":"https:\/\/www.evearly.news\/fr\/wp-json\/wp\/v2\/users\/6"}],"replies":[{"embeddable":true,"href":"https:\/\/www.evearly.news\/fr\/wp-json\/wp\/v2\/comments?post=232223"}],"version-history":[{"count":1,"href":"https:\/\/www.evearly.news\/fr\/wp-json\/wp\/v2\/posts\/232223\/revisions"}],"predecessor-version":[{"id":269858,"href":"https:\/\/www.evearly.news\/fr\/wp-json\/wp\/v2\/posts\/232223\/revisions\/269858"}],"wp:featuredmedia":[{"embeddable":true,"href":"https:\/\/www.evearly.news\/fr\/wp-json\/"}],"wp:attachment":[{"href":"https:\/\/www.evearly.news\/fr\/wp-json\/wp\/v2\/media?parent=232223"}],"wp:term":[{"taxonomy":"category","embeddable":true,"href":"https:\/\/www.evearly.news\/fr\/wp-json\/wp\/v2\/categories?post=232223"},{"taxonomy":"post_tag","embeddable":true,"href":"https:\/\/www.evearly.news\/fr\/wp-json\/wp\/v2\/tags?post=232223"}],"curies":[{"name":"wp","href":"https:\/\/api.w.org\/{rel}","templated":true}]}}