{"id":232232,"date":"2023-03-08T09:30:00","date_gmt":"2023-03-08T09:30:00","guid":{"rendered":"https:\/\/news.evearly.com\/a-contre-courant-les-alternatives-a-la-volkswagen-id-3\/"},"modified":"2023-08-28T12:18:09","modified_gmt":"2023-08-28T12:18:09","slug":"a-contre-courant-les-alternatives-a-la-volkswagen-id-3","status":"publish","type":"post","link":"https:\/\/www.evearly.news\/fr\/a-contre-courant-les-alternatives-a-la-volkswagen-id-3\/","title":{"rendered":"\u00c0 contre-courant\u00a0: les alternatives \u00e0 la Volkswagen ID.3"},"content":{"rendered":"<p><img decoding=\"async\" src=\"https:\/\/news.evearly.com\/wp-content\/uploads\/2023\/03\/a-contre-courant-les-alternatives-a-la-volkswagen-id-3.jpg\" \/> Cette semaine dans \u00ab\u00a0\u00e0 contre-courant\u00a0\u00bb, la nouvelle rubrique de Caradisiac, nous vous proposons des alternatives \u00ab\u00a0thermiques\u00a0\u00bb \u00e0 la Volkswagen ID.3. Premier mod\u00e8le de la famille \u00e9lectrique ID de Volkswagen, la Volkswagen ID.3 qui est n\u00e9e en 2020, vient de b\u00e9n\u00e9ficier d\u2019un restylage. <a href=\"https:\/\/www.caradisiac.com\/a-contre-courant-les-alternatives-a-la-volkswagen-id-3-201107.htm#xtor=RSS-40\" target=\"blank\" rel=\"noopener\">Lire la suite&#8230;<\/a><\/p>\n","protected":false},"excerpt":{"rendered":"<p><img decoding=\"async\" src=\"https:\/\/news.evearly.com\/wp-content\/uploads\/2023\/03\/a-contre-courant-les-alternatives-a-la-volkswagen-id-3.jpg\" \/> Cette semaine dans \u00ab\u00a0\u00e0 contre-courant\u00a0\u00bb, la nouvelle rubrique de Caradisiac, nous vous proposons des alternatives \u00ab\u00a0thermiques\u00a0\u00bb \u00e0 la Volkswagen ID.3. Premier mod\u00e8le de la famille \u00e9lectrique ID de Volkswagen, la Volkswagen ID.3 qui est n\u00e9e en 2020, vient de b\u00e9n\u00e9ficier d\u2019un restylage.<\/p>\n<p> <a class=\"continue-reading-link\" href=\"https:\/\/www.evearly.news\/fr\/a-contre-courant-les-alternatives-a-la-volkswagen-id-3\/\"><\/a><\/p>\n","protected":false},"author":11,"featured_media":0,"comment_status":"closed","ping_status":"closed","sticky":false,"template":"","format":"standard","meta":{"footnotes":""},"categories":[11],"tags":[],"class_list":["post-232232","post","type-post","status-publish","format-standard","hentry","category-caradisiac"],"_links":{"self":[{"href":"https:\/\/www.evearly.news\/fr\/wp-json\/wp\/v2\/posts\/232232","targetHints":{"allow":["GET"]}}],"collection":[{"href":"https:\/\/www.evearly.news\/fr\/wp-json\/wp\/v2\/posts"}],"about":[{"href":"https:\/\/www.evearly.news\/fr\/wp-json\/wp\/v2\/types\/post"}],"author":[{"embeddable":true,"href":"https:\/\/www.evearly.news\/fr\/wp-json\/wp\/v2\/users\/11"}],"replies":[{"embeddable":true,"href":"https:\/\/www.evearly.news\/fr\/wp-json\/wp\/v2\/comments?post=232232"}],"version-history":[{"count":1,"href":"https:\/\/www.evearly.news\/fr\/wp-json\/wp\/v2\/posts\/232232\/revisions"}],"predecessor-version":[{"id":257636,"href":"https:\/\/www.evearly.news\/fr\/wp-json\/wp\/v2\/posts\/232232\/revisions\/257636"}],"wp:attachment":[{"href":"https:\/\/www.evearly.news\/fr\/wp-json\/wp\/v2\/media?parent=232232"}],"wp:term":[{"taxonomy":"category","embeddable":true,"href":"https:\/\/www.evearly.news\/fr\/wp-json\/wp\/v2\/categories?post=232232"},{"taxonomy":"post_tag","embeddable":true,"href":"https:\/\/www.evearly.news\/fr\/wp-json\/wp\/v2\/tags?post=232232"}],"curies":[{"name":"wp","href":"https:\/\/api.w.org\/{rel}","templated":true}]}}