{"id":232235,"date":"2023-03-08T10:35:08","date_gmt":"2023-03-08T09:35:08","guid":{"rendered":"https:\/\/news.evearly.com\/lavere-france-partenaire-de-naturelles-aventures-le-premier-rallye-electrofeminin-au-monde\/"},"modified":"2023-03-08T10:35:08","modified_gmt":"2023-03-08T09:35:08","slug":"lavere-france-partenaire-de-naturelles-aventures-le-premier-rallye-electrofeminin-au-monde","status":"publish","type":"post","link":"https:\/\/www.evearly.news\/fr\/lavere-france-partenaire-de-naturelles-aventures-le-premier-rallye-electrofeminin-au-monde\/","title":{"rendered":"L\u2019Avere-France partenaire de Natur\u2019elles Aventures, le premier rallye \u00e9lectrof\u00e9minin au monde"},"content":{"rendered":"<p><img decoding=\"async\" src=\"https:\/\/www.avere-france.org\/wp-content\/uploads\/2023\/03\/13-768x768.jpg\" \/><br \/>\nLes \u00e9v\u00e8nements visant \u00e0 la promotion de l\u2019\u00e9lectromobilit\u00e9 se multiplient. C\u2019est \u00e0 ce titre que, Natur\u2019elles Aventures, un rallye 100% f\u00e9minin mais aussi 100% \u00e9lectrique et trek aura lieu du <strong>4 au 11 juin 2023<\/strong> au c\u0153ur des paysages de Savoie et de Haute-Savoie. Le d\u00e9part aura ainsi lieu \u00e0 Annecy, le dimanche 4 juin, sous le parrainage de l\u2019artiste Franck Dubosc. Moins c\u00e9l\u00e8bre, l\u2019Avere-France sera malgr\u00e9 tout aussi partenaire de l\u2019\u00e9v\u00e8nement ! <a href=\"https:\/\/www.avere-france.org\/lavere-france-partenaire-de-naturelles-aventures-le-premier-rallye-electrofeminin-au-monde\/\" target=\"bwindow\" rel=\"noopener\">Lire la suite&#8230;<\/a><\/p>\n","protected":false},"excerpt":{"rendered":"<p>&#8230; <a class=\"continue-reading-link\" href=\"https:\/\/www.evearly.news\/fr\/lavere-france-partenaire-de-naturelles-aventures-le-premier-rallye-electrofeminin-au-monde\/\"><\/a><\/p>\n","protected":false},"author":10,"featured_media":0,"comment_status":"closed","ping_status":"closed","sticky":false,"template":"","format":"standard","meta":{"footnotes":""},"categories":[9],"tags":[],"class_list":["post-232235","post","type-post","status-publish","format-standard","hentry","category-avere-france"],"_links":{"self":[{"href":"https:\/\/www.evearly.news\/fr\/wp-json\/wp\/v2\/posts\/232235","targetHints":{"allow":["GET"]}}],"collection":[{"href":"https:\/\/www.evearly.news\/fr\/wp-json\/wp\/v2\/posts"}],"about":[{"href":"https:\/\/www.evearly.news\/fr\/wp-json\/wp\/v2\/types\/post"}],"author":[{"embeddable":true,"href":"https:\/\/www.evearly.news\/fr\/wp-json\/wp\/v2\/users\/10"}],"replies":[{"embeddable":true,"href":"https:\/\/www.evearly.news\/fr\/wp-json\/wp\/v2\/comments?post=232235"}],"version-history":[{"count":0,"href":"https:\/\/www.evearly.news\/fr\/wp-json\/wp\/v2\/posts\/232235\/revisions"}],"wp:attachment":[{"href":"https:\/\/www.evearly.news\/fr\/wp-json\/wp\/v2\/media?parent=232235"}],"wp:term":[{"taxonomy":"category","embeddable":true,"href":"https:\/\/www.evearly.news\/fr\/wp-json\/wp\/v2\/categories?post=232235"},{"taxonomy":"post_tag","embeddable":true,"href":"https:\/\/www.evearly.news\/fr\/wp-json\/wp\/v2\/tags?post=232235"}],"curies":[{"name":"wp","href":"https:\/\/api.w.org\/{rel}","templated":true}]}}