{"id":232376,"date":"2023-03-08T17:00:06","date_gmt":"2023-03-08T16:00:06","guid":{"rendered":"https:\/\/news.evearly.com\/entrepots-le-nouvel-appel-a-projets-de-lademe-sur-la-logistique\/"},"modified":"2023-08-17T18:39:33","modified_gmt":"2023-08-17T18:39:33","slug":"entrepots-le-nouvel-appel-a-projets-de-lademe-sur-la-logistique","status":"publish","type":"post","link":"https:\/\/www.evearly.news\/fr\/entrepots-le-nouvel-appel-a-projets-de-lademe-sur-la-logistique\/","title":{"rendered":"ENTREP\u00d4TS : le nouvel appel \u00e0 projets de l\u2019ADEME sur la logistique"},"content":{"rendered":"<p><img decoding=\"async\" width=\"1000\" height=\"563\" src=\"https:\/\/news.evearly.com\/wp-content\/uploads\/2023\/03\/entrepots-le-nouvel-appel-a-projets-de-lademe-sur-la-logistique.png\" class=\"attachment-post-thumbnail size-post-thumbnail wp-post-image\" alt=\"ENTREP\u00d4TS appel \u00e0 projets\" loading=\"lazy\" \/>L\u2019ADEME lance l\u2019appel \u00e0 projets ENTREP\u00d4TS pour mieux appr\u00e9hender la pertinence de nouvelles formes d\u2019entrep\u00f4ts et de nouveaux usages logistiques des mod\u00e8les existants, afin d\u2019acc\u00e9l\u00e9rer la transition \u00e9cologique au c\u0153ur des territoires. L\u2019AAP inclut \u00e9galement une partie AMI sur les volets \u00e9nergies et friches. Un AAP pour faire \u00e9voluer l\u2019entreposage [\u2026] <a href=\"https:\/\/www.avem.fr\/2023\/03\/08\/entrepots-le-nouvel-appel-a-projets-de-lademe-sur-la-logistique\/\" target=\"blank\" rel=\"noopener\">Lire la suite&#8230;<\/a><\/p>\n","protected":false},"excerpt":{"rendered":"<p><img decoding=\"async\" width=\"1000\" height=\"563\" src=\"https:\/\/news.evearly.com\/wp-content\/uploads\/2023\/03\/entrepots-le-nouvel-appel-a-projets-de-lademe-sur-la-logistique.png\" class=\"attachment-post-thumbnail size-post-thumbnail wp-post-image\" alt=\"ENTREP\u00d4TS appel \u00e0 projets\" loading=\"lazy\" \/>L\u2019ADEME lance l\u2019appel \u00e0 projets ENTREP\u00d4TS pour mieux appr\u00e9hender la pertinence de nouvelles formes d\u2019entrep\u00f4ts et de nouveaux usages logistiques des mod\u00e8les existants, afin d\u2019acc\u00e9l\u00e9rer la transition \u00e9cologique au c\u0153ur des territoires. L\u2019AAP inclut \u00e9galement une partie AMI sur les volets \u00e9nergies et friches. Un AAP pour faire \u00e9voluer l\u2019entreposage [\u2026] <a class=\"continue-reading-link\" href=\"https:\/\/www.evearly.news\/fr\/entrepots-le-nouvel-appel-a-projets-de-lademe-sur-la-logistique\/\"><\/a><\/p>\n","protected":false},"author":3,"featured_media":0,"comment_status":"closed","ping_status":"closed","sticky":false,"template":"","format":"standard","meta":{"footnotes":""},"categories":[3],"tags":[],"class_list":["post-232376","post","type-post","status-publish","format-standard","hentry","category-avem"],"_links":{"self":[{"href":"https:\/\/www.evearly.news\/fr\/wp-json\/wp\/v2\/posts\/232376","targetHints":{"allow":["GET"]}}],"collection":[{"href":"https:\/\/www.evearly.news\/fr\/wp-json\/wp\/v2\/posts"}],"about":[{"href":"https:\/\/www.evearly.news\/fr\/wp-json\/wp\/v2\/types\/post"}],"author":[{"embeddable":true,"href":"https:\/\/www.evearly.news\/fr\/wp-json\/wp\/v2\/users\/3"}],"replies":[{"embeddable":true,"href":"https:\/\/www.evearly.news\/fr\/wp-json\/wp\/v2\/comments?post=232376"}],"version-history":[{"count":1,"href":"https:\/\/www.evearly.news\/fr\/wp-json\/wp\/v2\/posts\/232376\/revisions"}],"predecessor-version":[{"id":256383,"href":"https:\/\/www.evearly.news\/fr\/wp-json\/wp\/v2\/posts\/232376\/revisions\/256383"}],"wp:attachment":[{"href":"https:\/\/www.evearly.news\/fr\/wp-json\/wp\/v2\/media?parent=232376"}],"wp:term":[{"taxonomy":"category","embeddable":true,"href":"https:\/\/www.evearly.news\/fr\/wp-json\/wp\/v2\/categories?post=232376"},{"taxonomy":"post_tag","embeddable":true,"href":"https:\/\/www.evearly.news\/fr\/wp-json\/wp\/v2\/tags?post=232376"}],"curies":[{"name":"wp","href":"https:\/\/api.w.org\/{rel}","templated":true}]}}