{"id":233118,"date":"2023-03-13T10:53:08","date_gmt":"2023-03-13T09:53:08","guid":{"rendered":"https:\/\/news.evearly.com\/voiture-electrique-la-recharge-sans-fil-en-10-minutes-est-deja-prete\/"},"modified":"2023-12-06T11:04:56","modified_gmt":"2023-12-06T10:04:56","slug":"voiture-electrique-la-recharge-sans-fil-en-10-minutes-est-deja-prete","status":"publish","type":"post","link":"https:\/\/www.evearly.news\/fr\/voiture-electrique-la-recharge-sans-fil-en-10-minutes-est-deja-prete\/","title":{"rendered":"Voiture \u00e9lectrique : la recharge sans fil en 10 minutes est d\u00e9j\u00e0 pr\u00eate"},"content":{"rendered":"<p><img decoding=\"async\" width=\"1200\" height=\"800\" src=\"https:\/\/news.evearly.com\/wp-content\/uploads\/2023\/03\/voiture-electrique-la-recharge-sans-fil-en-10-minutes-est-deja-prete.jpg\" class=\"attachment-large size-large wp-post-image\" alt=\"\" loading=\"lazy\" \/><br \/>Une \u00e9quipe de chercheurs de l&rsquo;Universit\u00e9 de Chalmers, en Su\u00e8de, a mis au point un syst\u00e8me de recharge par induction tr\u00e8s prometteur pour les voitures \u00e9lectriques. Celui-ci d\u00e9livre une puissance ph\u00e9nom\u00e9nale (jusqu&rsquo;\u00e0 500 kW) et ne n\u00e9cessite aucun c\u00e2ble. De quoi recharger la batterie d&rsquo;une voiture \u00e9lectrique sans c\u00e2ble, en quelques minutes seulement. <a href=\"https:\/\/www.frandroid.com\/produits-android\/automobile\/voitures-electriques\/1633649_voiture-electrique-la-recharge-sans-fil-en-10-minutes-est-deja-prete\" target=\"blank\" rel=\"noopener\">Lire la suite&#8230;<\/a><\/p>\n","protected":false},"excerpt":{"rendered":"<p><img decoding=\"async\" width=\"1200\" height=\"800\" src=\"https:\/\/news.evearly.com\/wp-content\/uploads\/2023\/03\/voiture-electrique-la-recharge-sans-fil-en-10-minutes-est-deja-prete.jpg\" class=\"attachment-large size-large wp-post-image\" alt=\"\" loading=\"lazy\" \/><br \/>Une \u00e9quipe de chercheurs de l&rsquo;Universit\u00e9 de Chalmers, en Su\u00e8de, a mis au point un syst\u00e8me de recharge par induction tr\u00e8s prometteur pour les voitures \u00e9lectriques. Celui-ci d\u00e9livre une puissance ph\u00e9nom\u00e9nale (jusqu&rsquo;\u00e0 500 kW) et ne n\u00e9cessite aucun c\u00e2ble. De quoi recharger la batterie d&rsquo;une voiture \u00e9lectrique sans c\u00e2ble, en quelques minutes seulement.<\/p>\n<p> <a class=\"continue-reading-link\" href=\"https:\/\/www.evearly.news\/fr\/voiture-electrique-la-recharge-sans-fil-en-10-minutes-est-deja-prete\/\"><\/a><\/p>\n","protected":false},"author":6,"featured_media":233119,"comment_status":"closed","ping_status":"closed","sticky":false,"template":"","format":"standard","meta":{"footnotes":""},"categories":[14],"tags":[],"class_list":["post-233118","post","type-post","status-publish","format-standard","has-post-thumbnail","hentry","category-frandroid"],"_links":{"self":[{"href":"https:\/\/www.evearly.news\/fr\/wp-json\/wp\/v2\/posts\/233118","targetHints":{"allow":["GET"]}}],"collection":[{"href":"https:\/\/www.evearly.news\/fr\/wp-json\/wp\/v2\/posts"}],"about":[{"href":"https:\/\/www.evearly.news\/fr\/wp-json\/wp\/v2\/types\/post"}],"author":[{"embeddable":true,"href":"https:\/\/www.evearly.news\/fr\/wp-json\/wp\/v2\/users\/6"}],"replies":[{"embeddable":true,"href":"https:\/\/www.evearly.news\/fr\/wp-json\/wp\/v2\/comments?post=233118"}],"version-history":[{"count":1,"href":"https:\/\/www.evearly.news\/fr\/wp-json\/wp\/v2\/posts\/233118\/revisions"}],"predecessor-version":[{"id":269836,"href":"https:\/\/www.evearly.news\/fr\/wp-json\/wp\/v2\/posts\/233118\/revisions\/269836"}],"wp:featuredmedia":[{"embeddable":true,"href":"https:\/\/www.evearly.news\/fr\/wp-json\/"}],"wp:attachment":[{"href":"https:\/\/www.evearly.news\/fr\/wp-json\/wp\/v2\/media?parent=233118"}],"wp:term":[{"taxonomy":"category","embeddable":true,"href":"https:\/\/www.evearly.news\/fr\/wp-json\/wp\/v2\/categories?post=233118"},{"taxonomy":"post_tag","embeddable":true,"href":"https:\/\/www.evearly.news\/fr\/wp-json\/wp\/v2\/tags?post=233118"}],"curies":[{"name":"wp","href":"https:\/\/api.w.org\/{rel}","templated":true}]}}