{"id":233139,"date":"2023-03-13T11:53:16","date_gmt":"2023-03-13T10:53:16","guid":{"rendered":"https:\/\/news.evearly.com\/cette-caravane-electrique-booste-lautonomie-des-voitures-electriques-en-plein-trajet\/"},"modified":"2023-12-06T11:04:54","modified_gmt":"2023-12-06T10:04:54","slug":"cette-caravane-electrique-booste-lautonomie-des-voitures-electriques-en-plein-trajet","status":"publish","type":"post","link":"https:\/\/www.evearly.news\/fr\/cette-caravane-electrique-booste-lautonomie-des-voitures-electriques-en-plein-trajet\/","title":{"rendered":"Cette caravane \u00e9lectrique booste l\u2019autonomie des voitures \u00e9lectriques en plein trajet"},"content":{"rendered":"<p><img decoding=\"async\" width=\"1200\" height=\"675\" src=\"https:\/\/news.evearly.com\/wp-content\/uploads\/2023\/03\/cette-caravane-electrique-booste-lautonomie-des-voitures-electriques-en-plein-trajet.jpg\" class=\"attachment-large size-large wp-post-image\" alt=\"Airstream eStream Concept\" loading=\"lazy\" \/><br \/>L&rsquo;entreprise am\u00e9ricaine Lightship d\u00e9voile sa L1, une \u00e9tonnante caravane solaire con\u00e7ue pour les voitures \u00e9lectriques. Dot\u00e9e de sa propre batterie et de moteurs, elle peut alors alimenter le v\u00e9hicule et se propulser seul afin de r\u00e9duire son impact sur l&rsquo;autonomie de la voiture. Elle est annonc\u00e9e parall\u00e8lement au concept de caravane Airstream con\u00e7u en partenariat avec Porsche. <a href=\"https:\/\/www.frandroid.com\/produits-android\/automobile\/voitures-electriques\/1633725_cette-caravane-electrique-booste-lautonomie-des-voitures-electriques-en-plein-trajet\" target=\"blank\" rel=\"noopener\">Lire la suite&#8230;<\/a><\/p>\n","protected":false},"excerpt":{"rendered":"<p><img decoding=\"async\" width=\"1200\" height=\"675\" src=\"https:\/\/news.evearly.com\/wp-content\/uploads\/2023\/03\/cette-caravane-electrique-booste-lautonomie-des-voitures-electriques-en-plein-trajet.jpg\" class=\"attachment-large size-large wp-post-image\" alt=\"Airstream eStream Concept\" loading=\"lazy\" \/><br \/>L&rsquo;entreprise am\u00e9ricaine Lightship d\u00e9voile sa L1, une \u00e9tonnante caravane solaire con\u00e7ue pour les voitures \u00e9lectriques. Dot\u00e9e de sa propre batterie et de moteurs, elle peut alors alimenter le v\u00e9hicule et se propulser seul afin de r\u00e9duire son impact sur l&rsquo;autonomie de la voiture. Elle est annonc\u00e9e parall\u00e8lement au concept de caravane Airstream con\u00e7u en partenariat avec Porsche.<\/p>\n<p> <a class=\"continue-reading-link\" href=\"https:\/\/www.evearly.news\/fr\/cette-caravane-electrique-booste-lautonomie-des-voitures-electriques-en-plein-trajet\/\"><\/a><\/p>\n","protected":false},"author":6,"featured_media":233140,"comment_status":"closed","ping_status":"closed","sticky":false,"template":"","format":"standard","meta":{"footnotes":""},"categories":[14],"tags":[],"class_list":["post-233139","post","type-post","status-publish","format-standard","has-post-thumbnail","hentry","category-frandroid"],"_links":{"self":[{"href":"https:\/\/www.evearly.news\/fr\/wp-json\/wp\/v2\/posts\/233139","targetHints":{"allow":["GET"]}}],"collection":[{"href":"https:\/\/www.evearly.news\/fr\/wp-json\/wp\/v2\/posts"}],"about":[{"href":"https:\/\/www.evearly.news\/fr\/wp-json\/wp\/v2\/types\/post"}],"author":[{"embeddable":true,"href":"https:\/\/www.evearly.news\/fr\/wp-json\/wp\/v2\/users\/6"}],"replies":[{"embeddable":true,"href":"https:\/\/www.evearly.news\/fr\/wp-json\/wp\/v2\/comments?post=233139"}],"version-history":[{"count":1,"href":"https:\/\/www.evearly.news\/fr\/wp-json\/wp\/v2\/posts\/233139\/revisions"}],"predecessor-version":[{"id":269835,"href":"https:\/\/www.evearly.news\/fr\/wp-json\/wp\/v2\/posts\/233139\/revisions\/269835"}],"wp:featuredmedia":[{"embeddable":true,"href":"https:\/\/www.evearly.news\/fr\/wp-json\/"}],"wp:attachment":[{"href":"https:\/\/www.evearly.news\/fr\/wp-json\/wp\/v2\/media?parent=233139"}],"wp:term":[{"taxonomy":"category","embeddable":true,"href":"https:\/\/www.evearly.news\/fr\/wp-json\/wp\/v2\/categories?post=233139"},{"taxonomy":"post_tag","embeddable":true,"href":"https:\/\/www.evearly.news\/fr\/wp-json\/wp\/v2\/tags?post=233139"}],"curies":[{"name":"wp","href":"https:\/\/api.w.org\/{rel}","templated":true}]}}