{"id":234151,"date":"2023-03-17T06:35:00","date_gmt":"2023-03-17T05:35:00","guid":{"rendered":"https:\/\/news.evearly.com\/exclusif-les-a6-e-tron-et-q6-e-tron-de-serie-en-images\/"},"modified":"2023-08-17T04:36:58","modified_gmt":"2023-08-17T04:36:58","slug":"exclusif-les-a6-e-tron-et-q6-e-tron-de-serie-en-images","status":"publish","type":"post","link":"https:\/\/www.evearly.news\/fr\/exclusif-les-a6-e-tron-et-q6-e-tron-de-serie-en-images\/","title":{"rendered":"Exclusif : les A6 e-tron et Q6 e-tron de s\u00e9rie en images"},"content":{"rendered":"<div class=\"media_block\"><img decoding=\"async\" src=\"https:\/\/news.evearly.com\/wp-content\/uploads\/2023\/03\/exclusif-les-a6-e-tron-et-q6-e-tron-de-serie-en-images.jpg\"><\/div>\n<p>Audi pr\u00e9voit de lancer plusieurs grosses nouveaut\u00e9s \u00e9lectriques sur la toute nouvelle plateforme PPE. Dont l&rsquo;A6 et le Q6, qui s&rsquo;illustrent en images. <a href=\"https:\/\/www.automobile-magazine.fr\/voitures-electriques\/article\/38015-exclusif-les-a6-e-tron-et-q6-e-tron-de-serie-en-images\" target='bwindow' rel=\"noopener\">Lire la suite&#8230;<\/a><\/p>\n","protected":false},"excerpt":{"rendered":"<p>&#8230; <a class=\"continue-reading-link\" href=\"https:\/\/www.evearly.news\/fr\/exclusif-les-a6-e-tron-et-q6-e-tron-de-serie-en-images\/\"><\/a><\/p>\n","protected":false},"author":7,"featured_media":0,"comment_status":"closed","ping_status":"closed","sticky":false,"template":"","format":"standard","meta":{"footnotes":""},"categories":[7],"tags":[],"class_list":["post-234151","post","type-post","status-publish","format-standard","hentry","category-automobile-magazine"],"_links":{"self":[{"href":"https:\/\/www.evearly.news\/fr\/wp-json\/wp\/v2\/posts\/234151","targetHints":{"allow":["GET"]}}],"collection":[{"href":"https:\/\/www.evearly.news\/fr\/wp-json\/wp\/v2\/posts"}],"about":[{"href":"https:\/\/www.evearly.news\/fr\/wp-json\/wp\/v2\/types\/post"}],"author":[{"embeddable":true,"href":"https:\/\/www.evearly.news\/fr\/wp-json\/wp\/v2\/users\/7"}],"replies":[{"embeddable":true,"href":"https:\/\/www.evearly.news\/fr\/wp-json\/wp\/v2\/comments?post=234151"}],"version-history":[{"count":1,"href":"https:\/\/www.evearly.news\/fr\/wp-json\/wp\/v2\/posts\/234151\/revisions"}],"predecessor-version":[{"id":253117,"href":"https:\/\/www.evearly.news\/fr\/wp-json\/wp\/v2\/posts\/234151\/revisions\/253117"}],"wp:attachment":[{"href":"https:\/\/www.evearly.news\/fr\/wp-json\/wp\/v2\/media?parent=234151"}],"wp:term":[{"taxonomy":"category","embeddable":true,"href":"https:\/\/www.evearly.news\/fr\/wp-json\/wp\/v2\/categories?post=234151"},{"taxonomy":"post_tag","embeddable":true,"href":"https:\/\/www.evearly.news\/fr\/wp-json\/wp\/v2\/tags?post=234151"}],"curies":[{"name":"wp","href":"https:\/\/api.w.org\/{rel}","templated":true}]}}