{"id":234154,"date":"2023-03-17T09:42:59","date_gmt":"2023-03-17T09:42:59","guid":{"rendered":"https:\/\/news.evearly.com\/audi-la3-sera-remplacee-par-une-compacte-electrique\/"},"modified":"2023-08-29T20:55:55","modified_gmt":"2023-08-29T20:55:55","slug":"audi-la3-sera-remplacee-par-une-compacte-electrique","status":"publish","type":"post","link":"https:\/\/www.evearly.news\/fr\/audi-la3-sera-remplacee-par-une-compacte-electrique\/","title":{"rendered":"Audi : l\u2019A3 sera remplac\u00e9e par une compacte \u00e9lectrique"},"content":{"rendered":"<p><img decoding=\"async\" width=\"500\" height=\"333\" src=\"https:\/\/news.evearly.com\/wp-content\/uploads\/2023\/03\/audi-la3-sera-remplacee-par-une-compacte-electrique.jpg\" class=\"attachment-186x124 size-186x124 wp-post-image\" alt=\"\" loading=\"lazy\" \/><br \/>\nAudi a confirm\u00e9 le lancement d&rsquo;un mod&egrave;le \u00e9lectrique plac\u00e9 en dessous du Q4 e-tron. Il pourrait se nommer A2 e-tron.\u2026 <a href=\"https:\/\/www.automobile-propre.com\/audi-la3-sera-remplacee-par-une-compacte-electrique\/\" target='bwindow' rel=\"noopener\">Lire la suite&#8230;<\/a><\/p>\n","protected":false},"excerpt":{"rendered":"<p>Audi a confirm\u00e9 le lancement d&rsquo;un mod&egrave;le \u00e9lectrique plac\u00e9 en dessous du Q4 e-tron. Il pourrait se nommer A2 e-tron.\u2026 Lire la suite&#8230;&#8230; <a class=\"continue-reading-link\" href=\"https:\/\/www.evearly.news\/fr\/audi-la3-sera-remplacee-par-une-compacte-electrique\/\"><\/a><\/p>\n","protected":false},"author":8,"featured_media":0,"comment_status":"closed","ping_status":"closed","sticky":false,"template":"","format":"standard","meta":{"footnotes":""},"categories":[8],"tags":[],"class_list":["post-234154","post","type-post","status-publish","format-standard","hentry","category-automobile-propre"],"_links":{"self":[{"href":"https:\/\/www.evearly.news\/fr\/wp-json\/wp\/v2\/posts\/234154","targetHints":{"allow":["GET"]}}],"collection":[{"href":"https:\/\/www.evearly.news\/fr\/wp-json\/wp\/v2\/posts"}],"about":[{"href":"https:\/\/www.evearly.news\/fr\/wp-json\/wp\/v2\/types\/post"}],"author":[{"embeddable":true,"href":"https:\/\/www.evearly.news\/fr\/wp-json\/wp\/v2\/users\/8"}],"replies":[{"embeddable":true,"href":"https:\/\/www.evearly.news\/fr\/wp-json\/wp\/v2\/comments?post=234154"}],"version-history":[{"count":1,"href":"https:\/\/www.evearly.news\/fr\/wp-json\/wp\/v2\/posts\/234154\/revisions"}],"predecessor-version":[{"id":255598,"href":"https:\/\/www.evearly.news\/fr\/wp-json\/wp\/v2\/posts\/234154\/revisions\/255598"}],"wp:attachment":[{"href":"https:\/\/www.evearly.news\/fr\/wp-json\/wp\/v2\/media?parent=234154"}],"wp:term":[{"taxonomy":"category","embeddable":true,"href":"https:\/\/www.evearly.news\/fr\/wp-json\/wp\/v2\/categories?post=234154"},{"taxonomy":"post_tag","embeddable":true,"href":"https:\/\/www.evearly.news\/fr\/wp-json\/wp\/v2\/tags?post=234154"}],"curies":[{"name":"wp","href":"https:\/\/api.w.org\/{rel}","templated":true}]}}