{"id":234175,"date":"2023-03-17T10:06:24","date_gmt":"2023-03-17T09:06:24","guid":{"rendered":"https:\/\/news.evearly.com\/baisse-de-prix-et-nouveau-suv-electrique-ce-que-nous-reserve-audi-pour-2023\/"},"modified":"2023-12-06T11:04:33","modified_gmt":"2023-12-06T10:04:33","slug":"baisse-de-prix-et-nouveau-suv-electrique-ce-que-nous-reserve-audi-pour-2023","status":"publish","type":"post","link":"https:\/\/www.evearly.news\/fr\/baisse-de-prix-et-nouveau-suv-electrique-ce-que-nous-reserve-audi-pour-2023\/","title":{"rendered":"Baisse de prix et nouveau SUV \u00e9lectrique : ce que nous r\u00e9serve Audi pour 2023"},"content":{"rendered":"<p><img decoding=\"async\" width=\"1200\" height=\"800\" src=\"https:\/\/news.evearly.com\/wp-content\/uploads\/2023\/03\/baisse-de-prix-et-nouveau-suv-electrique-ce-que-nous-reserve-audi-pour-2023.jpg\" class=\"attachment-large size-large wp-post-image\" alt=\"\" loading=\"lazy\" \/><br \/>Audi pr\u00e9pare actuellement le lancement de sa future voiture \u00e9lectrique Q6 e-tron, qui sera le premier mod\u00e8le de s\u00e9rie \u00e0 reposer sur la plateforme PPE d\u00e9velopp\u00e9e avec Porsche. Le constructeur pr\u00e9voit aussi de r\u00e9duire le prix de ses voitures dans un futur proche. <a href=\"https:\/\/www.frandroid.com\/marques\/audi\/1638147_baisse-de-prix-et-nouveau-suv-electrique-ce-que-nous-reserve-audi-pour-2023\" target=\"blank\" rel=\"noopener\">Lire la suite&#8230;<\/a><\/p>\n","protected":false},"excerpt":{"rendered":"<p><img decoding=\"async\" width=\"1200\" height=\"800\" src=\"https:\/\/news.evearly.com\/wp-content\/uploads\/2023\/03\/baisse-de-prix-et-nouveau-suv-electrique-ce-que-nous-reserve-audi-pour-2023.jpg\" class=\"attachment-large size-large wp-post-image\" alt=\"\" loading=\"lazy\" \/><br \/>Audi pr\u00e9pare actuellement le lancement de sa future voiture \u00e9lectrique Q6 e-tron, qui sera le premier mod\u00e8le de s\u00e9rie \u00e0 reposer sur la plateforme PPE d\u00e9velopp\u00e9e avec Porsche. Le constructeur pr\u00e9voit aussi de r\u00e9duire le prix de ses voitures dans un futur proche. <\/p>\n<p> <a class=\"continue-reading-link\" href=\"https:\/\/www.evearly.news\/fr\/baisse-de-prix-et-nouveau-suv-electrique-ce-que-nous-reserve-audi-pour-2023\/\"><\/a><\/p>\n","protected":false},"author":6,"featured_media":234176,"comment_status":"closed","ping_status":"closed","sticky":false,"template":"","format":"standard","meta":{"footnotes":""},"categories":[14],"tags":[],"class_list":["post-234175","post","type-post","status-publish","format-standard","has-post-thumbnail","hentry","category-frandroid"],"_links":{"self":[{"href":"https:\/\/www.evearly.news\/fr\/wp-json\/wp\/v2\/posts\/234175","targetHints":{"allow":["GET"]}}],"collection":[{"href":"https:\/\/www.evearly.news\/fr\/wp-json\/wp\/v2\/posts"}],"about":[{"href":"https:\/\/www.evearly.news\/fr\/wp-json\/wp\/v2\/types\/post"}],"author":[{"embeddable":true,"href":"https:\/\/www.evearly.news\/fr\/wp-json\/wp\/v2\/users\/6"}],"replies":[{"embeddable":true,"href":"https:\/\/www.evearly.news\/fr\/wp-json\/wp\/v2\/comments?post=234175"}],"version-history":[{"count":1,"href":"https:\/\/www.evearly.news\/fr\/wp-json\/wp\/v2\/posts\/234175\/revisions"}],"predecessor-version":[{"id":269813,"href":"https:\/\/www.evearly.news\/fr\/wp-json\/wp\/v2\/posts\/234175\/revisions\/269813"}],"wp:featuredmedia":[{"embeddable":true,"href":"https:\/\/www.evearly.news\/fr\/wp-json\/"}],"wp:attachment":[{"href":"https:\/\/www.evearly.news\/fr\/wp-json\/wp\/v2\/media?parent=234175"}],"wp:term":[{"taxonomy":"category","embeddable":true,"href":"https:\/\/www.evearly.news\/fr\/wp-json\/wp\/v2\/categories?post=234175"},{"taxonomy":"post_tag","embeddable":true,"href":"https:\/\/www.evearly.news\/fr\/wp-json\/wp\/v2\/tags?post=234175"}],"curies":[{"name":"wp","href":"https:\/\/api.w.org\/{rel}","templated":true}]}}