{"id":234220,"date":"2023-03-17T11:15:11","date_gmt":"2023-03-17T10:15:11","guid":{"rendered":"https:\/\/news.evearly.com\/superchargeurs-tesla-sassocie-a-gireve-et-chargemap\/"},"modified":"2023-03-17T11:15:11","modified_gmt":"2023-03-17T10:15:11","slug":"superchargeurs-tesla-sassocie-a-gireve-et-chargemap","status":"publish","type":"post","link":"https:\/\/www.evearly.news\/fr\/superchargeurs-tesla-sassocie-a-gireve-et-chargemap\/","title":{"rendered":"Superchargeurs : Tesla s\u2019associe \u00e0 Gireve et Chargemap"},"content":{"rendered":"<p><img decoding=\"async\" src=\"https:\/\/news.evearly.com\/wp-content\/uploads\/2023\/03\/superchargeurs-tesla-sassocie-a-gireve-et-chargemap.jpg\"><br \/>Gireve et Chargemap\u2026 Tesla a choisi de s\u2019associer \u00e0 deux entreprises fran\u00e7aises afin de faciliter l\u2019acc\u00e8s \u00e0 son r\u00e9seau de superchargeurs <a href=\"https:\/\/www.avere-france.org\/superchargeurs-tesla-sassocie-a-gireve-et-chargemap\/\" target='bwindow' rel=\"noopener\">Lire la suite&#8230;<\/a><\/p>\n","protected":false},"excerpt":{"rendered":"<p>&#8230; <a class=\"continue-reading-link\" href=\"https:\/\/www.evearly.news\/fr\/superchargeurs-tesla-sassocie-a-gireve-et-chargemap\/\"><\/a><\/p>\n","protected":false},"author":10,"featured_media":0,"comment_status":"closed","ping_status":"closed","sticky":false,"template":"Default","format":"standard","meta":{"footnotes":""},"categories":[9],"tags":[],"class_list":["post-234220","post","type-post","status-publish","format-standard","hentry","category-avere-france"],"_links":{"self":[{"href":"https:\/\/www.evearly.news\/fr\/wp-json\/wp\/v2\/posts\/234220","targetHints":{"allow":["GET"]}}],"collection":[{"href":"https:\/\/www.evearly.news\/fr\/wp-json\/wp\/v2\/posts"}],"about":[{"href":"https:\/\/www.evearly.news\/fr\/wp-json\/wp\/v2\/types\/post"}],"author":[{"embeddable":true,"href":"https:\/\/www.evearly.news\/fr\/wp-json\/wp\/v2\/users\/10"}],"replies":[{"embeddable":true,"href":"https:\/\/www.evearly.news\/fr\/wp-json\/wp\/v2\/comments?post=234220"}],"version-history":[{"count":0,"href":"https:\/\/www.evearly.news\/fr\/wp-json\/wp\/v2\/posts\/234220\/revisions"}],"wp:attachment":[{"href":"https:\/\/www.evearly.news\/fr\/wp-json\/wp\/v2\/media?parent=234220"}],"wp:term":[{"taxonomy":"category","embeddable":true,"href":"https:\/\/www.evearly.news\/fr\/wp-json\/wp\/v2\/categories?post=234220"},{"taxonomy":"post_tag","embeddable":true,"href":"https:\/\/www.evearly.news\/fr\/wp-json\/wp\/v2\/tags?post=234220"}],"curies":[{"name":"wp","href":"https:\/\/api.w.org\/{rel}","templated":true}]}}