{"id":235768,"date":"2023-03-28T17:22:05","date_gmt":"2023-03-28T15:22:05","guid":{"rendered":"https:\/\/news.evearly.com\/reglement-co2-vers-un-sursis-pour-les-vehicules-thermiques-au-dela-de-2035\/"},"modified":"2023-03-28T17:22:05","modified_gmt":"2023-03-28T15:22:05","slug":"reglement-co2-vers-un-sursis-pour-les-vehicules-thermiques-au-dela-de-2035","status":"publish","type":"post","link":"https:\/\/www.evearly.news\/fr\/reglement-co2-vers-un-sursis-pour-les-vehicules-thermiques-au-dela-de-2035\/","title":{"rendered":"R\u00e8glement CO2 : vers un sursis pour les v\u00e9hicules thermiques au-del\u00e0 de 2035 ?"},"content":{"rendered":"<p><img decoding=\"async\" src=\"https:\/\/news.evearly.com\/wp-content\/uploads\/2023\/03\/reglement-co2-vers-un-sursis-pour-les-vehicules-thermiques-au-dela-de-2035.jpg\"><br \/>Les choses semblaient entendues\u00a0: le mois dernier, l&rsquo;Union europ\u00e9enne votait l\u2019interdiction de vente des v\u00e9hicules l\u00e9gers thermiques neufs \u00e0 partir de 2035. Pourtant, le Conseil de l&rsquo;Union europ\u00e9enne a de nouveau vot\u00e9 ce mardi 28 mars 2023 le r\u00e8glement fixant cette interdiction. Une exception pourrait \u00eatre faite pour les v\u00e9hicules utilisant des carburants de synth\u00e8se. <a href=\"https:\/\/www.avere-france.org\/reglement-co2-vers-un-sursis-pour-les-vehicules-thermiques-au-dela-de-2035\/\" target='bwindow' rel=\"noopener\">Lire la suite&#8230;<\/a><\/p>\n","protected":false},"excerpt":{"rendered":"<p>&#8230; <a class=\"continue-reading-link\" href=\"https:\/\/www.evearly.news\/fr\/reglement-co2-vers-un-sursis-pour-les-vehicules-thermiques-au-dela-de-2035\/\"><\/a><\/p>\n","protected":false},"author":10,"featured_media":0,"comment_status":"closed","ping_status":"closed","sticky":false,"template":"Default","format":"standard","meta":{"footnotes":""},"categories":[9],"tags":[],"class_list":["post-235768","post","type-post","status-publish","format-standard","hentry","category-avere-france"],"_links":{"self":[{"href":"https:\/\/www.evearly.news\/fr\/wp-json\/wp\/v2\/posts\/235768","targetHints":{"allow":["GET"]}}],"collection":[{"href":"https:\/\/www.evearly.news\/fr\/wp-json\/wp\/v2\/posts"}],"about":[{"href":"https:\/\/www.evearly.news\/fr\/wp-json\/wp\/v2\/types\/post"}],"author":[{"embeddable":true,"href":"https:\/\/www.evearly.news\/fr\/wp-json\/wp\/v2\/users\/10"}],"replies":[{"embeddable":true,"href":"https:\/\/www.evearly.news\/fr\/wp-json\/wp\/v2\/comments?post=235768"}],"version-history":[{"count":0,"href":"https:\/\/www.evearly.news\/fr\/wp-json\/wp\/v2\/posts\/235768\/revisions"}],"wp:attachment":[{"href":"https:\/\/www.evearly.news\/fr\/wp-json\/wp\/v2\/media?parent=235768"}],"wp:term":[{"taxonomy":"category","embeddable":true,"href":"https:\/\/www.evearly.news\/fr\/wp-json\/wp\/v2\/categories?post=235768"},{"taxonomy":"post_tag","embeddable":true,"href":"https:\/\/www.evearly.news\/fr\/wp-json\/wp\/v2\/tags?post=235768"}],"curies":[{"name":"wp","href":"https:\/\/api.w.org\/{rel}","templated":true}]}}