{"id":235958,"date":"2023-03-29T23:16:03","date_gmt":"2023-03-29T21:16:03","guid":{"rendered":"https:\/\/news.evearly.com\/le-pole-derbi-labellise-pour-une-duree-dun-an-la-reconduction-pour-4-ans-soumise-a-conditions\/"},"modified":"2023-08-28T16:21:17","modified_gmt":"2023-08-28T16:21:17","slug":"le-pole-derbi-labellise-pour-une-duree-dun-an-la-reconduction-pour-4-ans-soumise-a-conditions","status":"publish","type":"post","link":"https:\/\/www.evearly.news\/fr\/le-pole-derbi-labellise-pour-une-duree-dun-an-la-reconduction-pour-4-ans-soumise-a-conditions\/","title":{"rendered":"Le p\u00f4le DERBI labellis\u00e9 pour une dur\u00e9e d\u2019un an, la reconduction pour 4 ans soumise \u00e0 conditions"},"content":{"rendered":"<p><img decoding=\"async\" class=\"asset asset-image at-xid-6a00d8341bfe5d53ef02b751793d43200b img-responsive\" style=\"width: 580px; border: 1px solid #000000;\" title=\"Logo-Pole_DERBI\" src=\"https:\/\/news.evearly.com\/wp-content\/uploads\/2023\/03\/le-pole-derbi-labellise-pour-une-duree-dun-an-la-reconduction-pour-4-ans-soumise-a-conditions.jpg\" alt=\"Logo-Pole_DERBI\" \/><br \/>\nRoland Lescure, ministre d\u00e9l\u00e9gu\u00e9 charg\u00e9 de l\u2019industrie, vient d\u2019annoncer les laur\u00e9ats de l\u2019appel \u00e0 candidatures pour la phase V (2023-2026) des p\u00f4les de comp\u00e9titivit\u00e9. Le p\u00f4le de comp\u00e9titivit\u00e9 DERBI (D\u00e9veloppement des Energies Renouvelables dans le B\u00e2timent et l\u2019Industrie) fait partie&#8230;\u00a0\u00a0\u00a0\u00a0<a href=\"https:\/\/feeds.feedblitz.com\/~\/733170122\/0\/tecsol~Le-p%c3%b4le-DERBI-labellis%c3%a9-pour-une-dur%c3%a9e-d%e2%80%99un-an-la-reconduction-pour-ans-soumise-%c3%a0-conditions.html\" target=\"bwindow\" rel=\"noopener\">Lire la suite&#8230;<\/a><\/p>\n","protected":false},"excerpt":{"rendered":"<p>&#8230; <a class=\"continue-reading-link\" href=\"https:\/\/www.evearly.news\/fr\/le-pole-derbi-labellise-pour-une-duree-dun-an-la-reconduction-pour-4-ans-soumise-a-conditions\/\"><\/a><\/p>\n","protected":false},"author":25,"featured_media":0,"comment_status":"closed","ping_status":"closed","sticky":false,"template":"","format":"standard","meta":{"footnotes":""},"categories":[22],"tags":[],"class_list":["post-235958","post","type-post","status-publish","format-standard","hentry","category-tecsol"],"_links":{"self":[{"href":"https:\/\/www.evearly.news\/fr\/wp-json\/wp\/v2\/posts\/235958","targetHints":{"allow":["GET"]}}],"collection":[{"href":"https:\/\/www.evearly.news\/fr\/wp-json\/wp\/v2\/posts"}],"about":[{"href":"https:\/\/www.evearly.news\/fr\/wp-json\/wp\/v2\/types\/post"}],"author":[{"embeddable":true,"href":"https:\/\/www.evearly.news\/fr\/wp-json\/wp\/v2\/users\/25"}],"replies":[{"embeddable":true,"href":"https:\/\/www.evearly.news\/fr\/wp-json\/wp\/v2\/comments?post=235958"}],"version-history":[{"count":1,"href":"https:\/\/www.evearly.news\/fr\/wp-json\/wp\/v2\/posts\/235958\/revisions"}],"predecessor-version":[{"id":261035,"href":"https:\/\/www.evearly.news\/fr\/wp-json\/wp\/v2\/posts\/235958\/revisions\/261035"}],"wp:attachment":[{"href":"https:\/\/www.evearly.news\/fr\/wp-json\/wp\/v2\/media?parent=235958"}],"wp:term":[{"taxonomy":"category","embeddable":true,"href":"https:\/\/www.evearly.news\/fr\/wp-json\/wp\/v2\/categories?post=235958"},{"taxonomy":"post_tag","embeddable":true,"href":"https:\/\/www.evearly.news\/fr\/wp-json\/wp\/v2\/tags?post=235958"}],"curies":[{"name":"wp","href":"https:\/\/api.w.org\/{rel}","templated":true}]}}