{"id":236308,"date":"2023-04-01T06:00:26","date_gmt":"2023-04-01T04:00:26","guid":{"rendered":"https:\/\/news.evearly.com\/premiers-essais-pour-la-future-renault-5-electrique\/"},"modified":"2023-08-17T18:38:52","modified_gmt":"2023-08-17T18:38:52","slug":"premiers-essais-pour-la-future-renault-5-electrique","status":"publish","type":"post","link":"https:\/\/www.evearly.news\/fr\/premiers-essais-pour-la-future-renault-5-electrique\/","title":{"rendered":"Premiers essais pour la future Renault 5 \u00e9lectrique"},"content":{"rendered":"<p><img decoding=\"async\" width=\"1000\" height=\"563\" src=\"https:\/\/news.evearly.com\/wp-content\/uploads\/2023\/04\/premiers-essais-pour-la-future-renault-5-electrique.jpg\" class=\"attachment-post-thumbnail size-post-thumbnail wp-post-image\" alt=\"Essais Renault 5 \u00e9lectrique\" loading=\"lazy\" \/>Avant de la d\u00e9voiler en 2024, Renault communique sur les diff\u00e9rentes \u00e9tapes du d\u00e9veloppement de sa future Renault 5 \u00e9lectrique. Etape d\u00e9cisive dans la mise au point, la Renault 5 \u00e9lectrique a d\u00e9but\u00e9 ses essais. Des essais sur tous types de terrains et d\u2019adh\u00e9rence, y compris dans des conditions extr\u00eames [\u2026] <a href=\"https:\/\/www.avem.fr\/2023\/04\/01\/premiers-essais-pour-la-future-renault-5-electrique\/\" target=\"blank\" rel=\"noopener\">Lire la suite&#8230;<\/a><\/p>\n","protected":false},"excerpt":{"rendered":"<p><img decoding=\"async\" width=\"1000\" height=\"563\" src=\"https:\/\/news.evearly.com\/wp-content\/uploads\/2023\/04\/premiers-essais-pour-la-future-renault-5-electrique.jpg\" class=\"attachment-post-thumbnail size-post-thumbnail wp-post-image\" alt=\"Essais Renault 5 \u00e9lectrique\" loading=\"lazy\" \/>Avant de la d\u00e9voiler en 2024, Renault communique sur les diff\u00e9rentes \u00e9tapes du d\u00e9veloppement de sa future Renault 5 \u00e9lectrique. Etape d\u00e9cisive dans la mise au point, la Renault 5 \u00e9lectrique a d\u00e9but\u00e9 ses essais. Des essais sur tous types de terrains et d\u2019adh\u00e9rence, y compris dans des conditions extr\u00eames [\u2026] <a class=\"continue-reading-link\" href=\"https:\/\/www.evearly.news\/fr\/premiers-essais-pour-la-future-renault-5-electrique\/\"><\/a><\/p>\n","protected":false},"author":3,"featured_media":0,"comment_status":"closed","ping_status":"closed","sticky":false,"template":"","format":"standard","meta":{"footnotes":""},"categories":[3],"tags":[],"class_list":["post-236308","post","type-post","status-publish","format-standard","hentry","category-avem"],"_links":{"self":[{"href":"https:\/\/www.evearly.news\/fr\/wp-json\/wp\/v2\/posts\/236308","targetHints":{"allow":["GET"]}}],"collection":[{"href":"https:\/\/www.evearly.news\/fr\/wp-json\/wp\/v2\/posts"}],"about":[{"href":"https:\/\/www.evearly.news\/fr\/wp-json\/wp\/v2\/types\/post"}],"author":[{"embeddable":true,"href":"https:\/\/www.evearly.news\/fr\/wp-json\/wp\/v2\/users\/3"}],"replies":[{"embeddable":true,"href":"https:\/\/www.evearly.news\/fr\/wp-json\/wp\/v2\/comments?post=236308"}],"version-history":[{"count":1,"href":"https:\/\/www.evearly.news\/fr\/wp-json\/wp\/v2\/posts\/236308\/revisions"}],"predecessor-version":[{"id":256344,"href":"https:\/\/www.evearly.news\/fr\/wp-json\/wp\/v2\/posts\/236308\/revisions\/256344"}],"wp:attachment":[{"href":"https:\/\/www.evearly.news\/fr\/wp-json\/wp\/v2\/media?parent=236308"}],"wp:term":[{"taxonomy":"category","embeddable":true,"href":"https:\/\/www.evearly.news\/fr\/wp-json\/wp\/v2\/categories?post=236308"},{"taxonomy":"post_tag","embeddable":true,"href":"https:\/\/www.evearly.news\/fr\/wp-json\/wp\/v2\/tags?post=236308"}],"curies":[{"name":"wp","href":"https:\/\/api.w.org\/{rel}","templated":true}]}}