{"id":237051,"date":"2023-04-06T22:45:18","date_gmt":"2023-04-06T20:45:18","guid":{"rendered":"https:\/\/news.evearly.com\/abt-e-line-developpe-des-modules-solaires-pour-le-toit-de-lid-buzz-le-combi-electrique-neo-retro-de-volkswagen\/"},"modified":"2023-08-28T16:18:52","modified_gmt":"2023-08-28T16:18:52","slug":"abt-e-line-developpe-des-modules-solaires-pour-le-toit-de-lid-buzz-le-combi-electrique-neo-retro-de-volkswagen","status":"publish","type":"post","link":"https:\/\/www.evearly.news\/fr\/abt-e-line-developpe-des-modules-solaires-pour-le-toit-de-lid-buzz-le-combi-electrique-neo-retro-de-volkswagen\/","title":{"rendered":"ABT e-Line d\u00e9veloppe des modules solaires pour le toit de l\u2019ID.Buzz, le combi \u00e9lectrique n\u00e9o-r\u00e9tro de Volkswagen"},"content":{"rendered":"<p><img decoding=\"async\" class=\"asset asset-image at-xid-6a00d8341bfe5d53ef02b7519e9050200c img-responsive\" style=\"width: 580px;\" title=\"ABT_e-Line\" src=\"https:\/\/news.evearly.com\/wp-content\/uploads\/2023\/04\/abt-e-line-developpe-des-modules-solaires-pour-le-toit-de-lid-buzz-le-combi-electrique-neo-retro-de-volkswagen.jpg\" alt=\"ABT_e-Line\" \/><br \/>\nAutonomie plus longue pour un usage quotidien et plus d\u2019autonomie pour les campeurs, telles sont les promesses de l\u2019ID.Buzz de Volkswagen, le nouveau Bulli VW dot\u00e9 d\u2019un toit solaire photovolta\u00efque. Une nouvelle id\u00e9e du vintage techno et \u00e9colo ! Peu&#8230;\u00a0\u00a0\u00a0\u00a0<a href=\"https:\/\/feeds.feedblitz.com\/~\/733949648\/0\/tecsol~ABT-eLine-d%c3%a9veloppe-des-modules-solaires-pour-le-toit-de-l%e2%80%99IDBuzz-le-combi-%c3%a9lectrique-n%c3%a9or%c3%a9tro-de-Volkswagen.html\" target=\"bwindow\" rel=\"noopener\">Lire la suite&#8230;<\/a><\/p>\n","protected":false},"excerpt":{"rendered":"<p>&#8230; <a class=\"continue-reading-link\" href=\"https:\/\/www.evearly.news\/fr\/abt-e-line-developpe-des-modules-solaires-pour-le-toit-de-lid-buzz-le-combi-electrique-neo-retro-de-volkswagen\/\"><\/a><\/p>\n","protected":false},"author":25,"featured_media":0,"comment_status":"closed","ping_status":"closed","sticky":false,"template":"","format":"standard","meta":{"footnotes":""},"categories":[22],"tags":[],"class_list":["post-237051","post","type-post","status-publish","format-standard","hentry","category-tecsol"],"_links":{"self":[{"href":"https:\/\/www.evearly.news\/fr\/wp-json\/wp\/v2\/posts\/237051","targetHints":{"allow":["GET"]}}],"collection":[{"href":"https:\/\/www.evearly.news\/fr\/wp-json\/wp\/v2\/posts"}],"about":[{"href":"https:\/\/www.evearly.news\/fr\/wp-json\/wp\/v2\/types\/post"}],"author":[{"embeddable":true,"href":"https:\/\/www.evearly.news\/fr\/wp-json\/wp\/v2\/users\/25"}],"replies":[{"embeddable":true,"href":"https:\/\/www.evearly.news\/fr\/wp-json\/wp\/v2\/comments?post=237051"}],"version-history":[{"count":1,"href":"https:\/\/www.evearly.news\/fr\/wp-json\/wp\/v2\/posts\/237051\/revisions"}],"predecessor-version":[{"id":261029,"href":"https:\/\/www.evearly.news\/fr\/wp-json\/wp\/v2\/posts\/237051\/revisions\/261029"}],"wp:attachment":[{"href":"https:\/\/www.evearly.news\/fr\/wp-json\/wp\/v2\/media?parent=237051"}],"wp:term":[{"taxonomy":"category","embeddable":true,"href":"https:\/\/www.evearly.news\/fr\/wp-json\/wp\/v2\/categories?post=237051"},{"taxonomy":"post_tag","embeddable":true,"href":"https:\/\/www.evearly.news\/fr\/wp-json\/wp\/v2\/tags?post=237051"}],"curies":[{"name":"wp","href":"https:\/\/api.w.org\/{rel}","templated":true}]}}