{"id":238166,"date":"2023-04-18T10:35:22","date_gmt":"2023-04-18T08:35:22","guid":{"rendered":"https:\/\/news.evearly.com\/nouvelle-renault-clio-esprit-alpine-2023-1er-contact-en-video\/"},"modified":"2023-10-07T00:23:13","modified_gmt":"2023-10-06T22:23:13","slug":"nouvelle-renault-clio-esprit-alpine-2023-1er-contact-en-video","status":"publish","type":"post","link":"https:\/\/www.evearly.news\/fr\/nouvelle-renault-clio-esprit-alpine-2023-1er-contact-en-video\/","title":{"rendered":"Nouvelle Renault Clio Esprit Alpine (2023) : 1er contact en VIDEO"},"content":{"rendered":"<p><img decoding=\"async\" src=\"https:\/\/sf1.auto-moto.com\/wp-content\/uploads\/sites\/9\/2023\/04\/3.4-av-v2-750x410.jpg\"><br \/>Le restylage de l&rsquo;int\u00e9gralit\u00e9 de la gamme Clio est l&rsquo;occasion pour cette derni\u00e8re d&rsquo;inaugurer une variante Esprit Alpine. <a href=\"https:\/\/www.auto-moto.com\/nouveautes\/nouvelle-renault-clio-esprit-alpine-2023-419011.html?utm_source=rss_feed&amp;utm_medium=link&amp;utm_campaign=unknown\" target='bwindow' rel=\"noopener\">Lire la suite&#8230;<\/a><\/p>\n","protected":false},"excerpt":{"rendered":"<p>Le restylage de l&rsquo;int\u00e9gralit\u00e9 de la gamme Clio est l&rsquo;occasion pour cette derni\u00e8re d&rsquo;inaugurer une variante Esprit Alpine&#8230;. <a class=\"continue-reading-link\" href=\"https:\/\/www.evearly.news\/fr\/nouvelle-renault-clio-esprit-alpine-2023-1er-contact-en-video\/\"><\/a><\/p>\n","protected":false},"author":9,"featured_media":238167,"comment_status":"closed","ping_status":"closed","sticky":false,"template":"","format":"standard","meta":{"footnotes":""},"categories":[10],"tags":[],"class_list":["post-238166","post","type-post","status-publish","format-standard","has-post-thumbnail","hentry","category-auto-moto-com"],"_links":{"self":[{"href":"https:\/\/www.evearly.news\/fr\/wp-json\/wp\/v2\/posts\/238166","targetHints":{"allow":["GET"]}}],"collection":[{"href":"https:\/\/www.evearly.news\/fr\/wp-json\/wp\/v2\/posts"}],"about":[{"href":"https:\/\/www.evearly.news\/fr\/wp-json\/wp\/v2\/types\/post"}],"author":[{"embeddable":true,"href":"https:\/\/www.evearly.news\/fr\/wp-json\/wp\/v2\/users\/9"}],"replies":[{"embeddable":true,"href":"https:\/\/www.evearly.news\/fr\/wp-json\/wp\/v2\/comments?post=238166"}],"version-history":[{"count":1,"href":"https:\/\/www.evearly.news\/fr\/wp-json\/wp\/v2\/posts\/238166\/revisions"}],"predecessor-version":[{"id":265253,"href":"https:\/\/www.evearly.news\/fr\/wp-json\/wp\/v2\/posts\/238166\/revisions\/265253"}],"wp:featuredmedia":[{"embeddable":true,"href":"https:\/\/www.evearly.news\/fr\/wp-json\/"}],"wp:attachment":[{"href":"https:\/\/www.evearly.news\/fr\/wp-json\/wp\/v2\/media?parent=238166"}],"wp:term":[{"taxonomy":"category","embeddable":true,"href":"https:\/\/www.evearly.news\/fr\/wp-json\/wp\/v2\/categories?post=238166"},{"taxonomy":"post_tag","embeddable":true,"href":"https:\/\/www.evearly.news\/fr\/wp-json\/wp\/v2\/tags?post=238166"}],"curies":[{"name":"wp","href":"https:\/\/api.w.org\/{rel}","templated":true}]}}