{"id":238176,"date":"2023-04-18T10:44:11","date_gmt":"2023-04-18T10:44:11","guid":{"rendered":"https:\/\/news.evearly.com\/nouveau-polestar-4-2023-il-a-oublie-sa-vitre-arriere\/"},"modified":"2023-08-28T12:14:24","modified_gmt":"2023-08-28T12:14:24","slug":"nouveau-polestar-4-2023-il-a-oublie-sa-vitre-arriere","status":"publish","type":"post","link":"https:\/\/www.evearly.news\/fr\/nouveau-polestar-4-2023-il-a-oublie-sa-vitre-arriere\/","title":{"rendered":"Nouveau Polestar 4 (2023) : il a oubli\u00e9 sa vitre arri\u00e8re !"},"content":{"rendered":"<p><img decoding=\"async\" src=\"https:\/\/news.evearly.com\/wp-content\/uploads\/2023\/04\/nouveau-polestar-4-2023-il-a-oublie-sa-vitre-arriere.jpg\" \/> Vous ne r\u00eavez pas : le nouveau SUV \u00e9lectrique sportif de Polestar ne poss\u00e8de aucun vitrage \u00e0 l\u2019arri\u00e8re. Pour conduire, il faudra s\u2019en remettre \u00e0 une cam\u00e9ra et l\u2019\u00e9cran qui va avec. <a href=\"https:\/\/www.caradisiac.com\/nouveau-polestar-4-2023-il-a-oublie-sa-vitre-arriere-202003.htm#xtor=RSS-40\" target=\"blank\" rel=\"noopener\">Lire la suite&#8230;<\/a><\/p>\n","protected":false},"excerpt":{"rendered":"<p><img decoding=\"async\" src=\"https:\/\/news.evearly.com\/wp-content\/uploads\/2023\/04\/nouveau-polestar-4-2023-il-a-oublie-sa-vitre-arriere.jpg\" \/> Vous ne r\u00eavez pas : le nouveau SUV \u00e9lectrique sportif de Polestar ne poss\u00e8de aucun vitrage \u00e0 l\u2019arri\u00e8re. Pour conduire, il faudra s\u2019en remettre \u00e0 une cam\u00e9ra et l\u2019\u00e9cran qui va avec.<\/p>\n<p> <a class=\"continue-reading-link\" href=\"https:\/\/www.evearly.news\/fr\/nouveau-polestar-4-2023-il-a-oublie-sa-vitre-arriere\/\"><\/a><\/p>\n","protected":false},"author":11,"featured_media":0,"comment_status":"closed","ping_status":"closed","sticky":false,"template":"","format":"standard","meta":{"footnotes":""},"categories":[11],"tags":[],"class_list":["post-238176","post","type-post","status-publish","format-standard","hentry","category-caradisiac"],"_links":{"self":[{"href":"https:\/\/www.evearly.news\/fr\/wp-json\/wp\/v2\/posts\/238176","targetHints":{"allow":["GET"]}}],"collection":[{"href":"https:\/\/www.evearly.news\/fr\/wp-json\/wp\/v2\/posts"}],"about":[{"href":"https:\/\/www.evearly.news\/fr\/wp-json\/wp\/v2\/types\/post"}],"author":[{"embeddable":true,"href":"https:\/\/www.evearly.news\/fr\/wp-json\/wp\/v2\/users\/11"}],"replies":[{"embeddable":true,"href":"https:\/\/www.evearly.news\/fr\/wp-json\/wp\/v2\/comments?post=238176"}],"version-history":[{"count":1,"href":"https:\/\/www.evearly.news\/fr\/wp-json\/wp\/v2\/posts\/238176\/revisions"}],"predecessor-version":[{"id":257846,"href":"https:\/\/www.evearly.news\/fr\/wp-json\/wp\/v2\/posts\/238176\/revisions\/257846"}],"wp:attachment":[{"href":"https:\/\/www.evearly.news\/fr\/wp-json\/wp\/v2\/media?parent=238176"}],"wp:term":[{"taxonomy":"category","embeddable":true,"href":"https:\/\/www.evearly.news\/fr\/wp-json\/wp\/v2\/categories?post=238176"},{"taxonomy":"post_tag","embeddable":true,"href":"https:\/\/www.evearly.news\/fr\/wp-json\/wp\/v2\/tags?post=238176"}],"curies":[{"name":"wp","href":"https:\/\/api.w.org\/{rel}","templated":true}]}}