{"id":238204,"date":"2023-04-18T14:05:44","date_gmt":"2023-04-18T12:05:44","guid":{"rendered":"https:\/\/news.evearly.com\/une-voiture-electrique-en-guise-de-salon-cest-possible-avec-mercedes-et-beaucoup-dargent\/"},"modified":"2023-12-06T10:53:48","modified_gmt":"2023-12-06T09:53:48","slug":"une-voiture-electrique-en-guise-de-salon-cest-possible-avec-mercedes-et-beaucoup-dargent","status":"publish","type":"post","link":"https:\/\/www.evearly.news\/fr\/une-voiture-electrique-en-guise-de-salon-cest-possible-avec-mercedes-et-beaucoup-dargent\/","title":{"rendered":"Une voiture \u00e9lectrique en guise de salon ? C\u2019est possible avec Mercedes\u2026 et beaucoup d\u2019argent"},"content":{"rendered":"<p><img decoding=\"async\" width=\"1200\" height=\"801\" src=\"https:\/\/news.evearly.com\/wp-content\/uploads\/2023\/04\/une-voiture-electrique-en-guise-de-salon-cest-possible-avec-mercedes-et-beaucoup-dargent.jpg\" class=\"attachment-large size-large wp-post-image\" alt=\"\" loading=\"lazy\" \/><br \/>La griffe de luxe Mercedes-Maybach s&rsquo;attaque pour la premi\u00e8re fois \u00e0 un mod\u00e8le \u00e9lectrique, le SUV (d\u00e9j\u00e0) haut de gamme, l&rsquo;EQS. C&rsquo;est \u00e0 l&rsquo;occasion du salon de Shanghai qui ouvre ses portes ce 18 avril 2023 que l&rsquo;on d\u00e9couvre le Mercedes-Maybach EQS SUV, une version ultra-luxueuse et encore plus puissante de l&rsquo;imposant v\u00e9hicule \u00e9lectrique. <a href=\"https:\/\/www.frandroid.com\/marques\/mercedes-benz\/1667617_une-voiture-electrique-en-guise-de-salon-cest-possible-avec-mercedes-et-beaucoup-dargent\" target=\"blank\" rel=\"noopener\">Lire la suite&#8230;<\/a><\/p>\n","protected":false},"excerpt":{"rendered":"<p><img decoding=\"async\" width=\"1200\" height=\"801\" src=\"https:\/\/news.evearly.com\/wp-content\/uploads\/2023\/04\/une-voiture-electrique-en-guise-de-salon-cest-possible-avec-mercedes-et-beaucoup-dargent.jpg\" class=\"attachment-large size-large wp-post-image\" alt=\"\" loading=\"lazy\" \/><br \/>La griffe de luxe Mercedes-Maybach s&rsquo;attaque pour la premi\u00e8re fois \u00e0 un mod\u00e8le \u00e9lectrique, le SUV (d\u00e9j\u00e0) haut de gamme, l&rsquo;EQS. C&rsquo;est \u00e0 l&rsquo;occasion du salon de Shanghai qui ouvre ses portes ce 18 avril 2023 que l&rsquo;on d\u00e9couvre le Mercedes-Maybach EQS SUV, une version ultra-luxueuse et encore plus puissante de l&rsquo;imposant v\u00e9hicule \u00e9lectrique. <\/p>\n<p> <a class=\"continue-reading-link\" href=\"https:\/\/www.evearly.news\/fr\/une-voiture-electrique-en-guise-de-salon-cest-possible-avec-mercedes-et-beaucoup-dargent\/\"><\/a><\/p>\n","protected":false},"author":6,"featured_media":238205,"comment_status":"closed","ping_status":"closed","sticky":false,"template":"","format":"standard","meta":{"footnotes":""},"categories":[14],"tags":[],"class_list":["post-238204","post","type-post","status-publish","format-standard","has-post-thumbnail","hentry","category-frandroid"],"_links":{"self":[{"href":"https:\/\/www.evearly.news\/fr\/wp-json\/wp\/v2\/posts\/238204","targetHints":{"allow":["GET"]}}],"collection":[{"href":"https:\/\/www.evearly.news\/fr\/wp-json\/wp\/v2\/posts"}],"about":[{"href":"https:\/\/www.evearly.news\/fr\/wp-json\/wp\/v2\/types\/post"}],"author":[{"embeddable":true,"href":"https:\/\/www.evearly.news\/fr\/wp-json\/wp\/v2\/users\/6"}],"replies":[{"embeddable":true,"href":"https:\/\/www.evearly.news\/fr\/wp-json\/wp\/v2\/comments?post=238204"}],"version-history":[{"count":1,"href":"https:\/\/www.evearly.news\/fr\/wp-json\/wp\/v2\/posts\/238204\/revisions"}],"predecessor-version":[{"id":269667,"href":"https:\/\/www.evearly.news\/fr\/wp-json\/wp\/v2\/posts\/238204\/revisions\/269667"}],"wp:featuredmedia":[{"embeddable":true,"href":"https:\/\/www.evearly.news\/fr\/wp-json\/"}],"wp:attachment":[{"href":"https:\/\/www.evearly.news\/fr\/wp-json\/wp\/v2\/media?parent=238204"}],"wp:term":[{"taxonomy":"category","embeddable":true,"href":"https:\/\/www.evearly.news\/fr\/wp-json\/wp\/v2\/categories?post=238204"},{"taxonomy":"post_tag","embeddable":true,"href":"https:\/\/www.evearly.news\/fr\/wp-json\/wp\/v2\/tags?post=238204"}],"curies":[{"name":"wp","href":"https:\/\/api.w.org\/{rel}","templated":true}]}}