{"id":238208,"date":"2023-04-18T15:03:32","date_gmt":"2023-04-18T15:03:32","guid":{"rendered":"https:\/\/news.evearly.com\/fiat-500-electrique-une-meilleure-offre-que-la-dacia-spring\/"},"modified":"2023-08-29T20:40:40","modified_gmt":"2023-08-29T20:40:40","slug":"fiat-500-electrique-une-meilleure-offre-que-la-dacia-spring","status":"publish","type":"post","link":"https:\/\/www.evearly.news\/fr\/fiat-500-electrique-une-meilleure-offre-que-la-dacia-spring\/","title":{"rendered":"Fiat 500 \u00e9lectrique : une meilleure offre que la Dacia Spring ?"},"content":{"rendered":"<p><img decoding=\"async\" width=\"500\" height=\"333\" src=\"https:\/\/news.evearly.com\/wp-content\/uploads\/2023\/04\/fiat-500-electrique-une-meilleure-offre-que-la-dacia-spring.png\" class=\"attachment-186x124 size-186x124 wp-post-image\" alt=\"\" loading=\"lazy\" \/><br \/>\nSi le prix de d\u00e9part de la 500 &eacute;lectrique est \u00e9lev\u00e9, Fiat a mis en place une tr\u00e8s int\u00e9ressante offre\u2026 <a href=\"https:\/\/www.automobile-propre.com\/fiat-500-electrique-une-meilleure-offre-que-la-dacia-spring\/\" target='bwindow' rel=\"noopener\">Lire la suite&#8230;<\/a><\/p>\n","protected":false},"excerpt":{"rendered":"<p>Si le prix de d\u00e9part de la 500 &eacute;lectrique est \u00e9lev\u00e9, Fiat a mis en place une tr\u00e8s int\u00e9ressante offre\u2026 Lire la suite&#8230;&#8230; <a class=\"continue-reading-link\" href=\"https:\/\/www.evearly.news\/fr\/fiat-500-electrique-une-meilleure-offre-que-la-dacia-spring\/\"><\/a><\/p>\n","protected":false},"author":8,"featured_media":0,"comment_status":"closed","ping_status":"closed","sticky":false,"template":"","format":"standard","meta":{"footnotes":""},"categories":[8],"tags":[],"class_list":["post-238208","post","type-post","status-publish","format-standard","hentry","category-automobile-propre"],"_links":{"self":[{"href":"https:\/\/www.evearly.news\/fr\/wp-json\/wp\/v2\/posts\/238208","targetHints":{"allow":["GET"]}}],"collection":[{"href":"https:\/\/www.evearly.news\/fr\/wp-json\/wp\/v2\/posts"}],"about":[{"href":"https:\/\/www.evearly.news\/fr\/wp-json\/wp\/v2\/types\/post"}],"author":[{"embeddable":true,"href":"https:\/\/www.evearly.news\/fr\/wp-json\/wp\/v2\/users\/8"}],"replies":[{"embeddable":true,"href":"https:\/\/www.evearly.news\/fr\/wp-json\/wp\/v2\/comments?post=238208"}],"version-history":[{"count":1,"href":"https:\/\/www.evearly.news\/fr\/wp-json\/wp\/v2\/posts\/238208\/revisions"}],"predecessor-version":[{"id":255310,"href":"https:\/\/www.evearly.news\/fr\/wp-json\/wp\/v2\/posts\/238208\/revisions\/255310"}],"wp:attachment":[{"href":"https:\/\/www.evearly.news\/fr\/wp-json\/wp\/v2\/media?parent=238208"}],"wp:term":[{"taxonomy":"category","embeddable":true,"href":"https:\/\/www.evearly.news\/fr\/wp-json\/wp\/v2\/categories?post=238208"},{"taxonomy":"post_tag","embeddable":true,"href":"https:\/\/www.evearly.news\/fr\/wp-json\/wp\/v2\/tags?post=238208"}],"curies":[{"name":"wp","href":"https:\/\/api.w.org\/{rel}","templated":true}]}}