{"id":238237,"date":"2023-04-18T15:01:40","date_gmt":"2023-04-18T13:01:40","guid":{"rendered":"https:\/\/news.evearly.com\/antoine-herteman-reelu-president-de-lavere-france\/"},"modified":"2023-04-18T15:01:40","modified_gmt":"2023-04-18T13:01:40","slug":"antoine-herteman-reelu-president-de-lavere-france","status":"publish","type":"post","link":"https:\/\/www.evearly.news\/fr\/antoine-herteman-reelu-president-de-lavere-france\/","title":{"rendered":"Antoine Herteman r\u00e9\u00e9lu Pr\u00e9sident de l\u2019Avere-France"},"content":{"rendered":"<p><img decoding=\"async\" src=\"https:\/\/news.evearly.com\/wp-content\/uploads\/2023\/04\/antoine-herteman-reelu-president-de-lavere-france.jpg\"><br \/>Le Conseil d\u2019Administration de l\u2019Avere-France, l\u2019association nationale pour le d\u00e9veloppement de la mobilit\u00e9 \u00e9lectrique, a renouvel\u00e9, lundi 17 avril 2023, sa confiance \u00e0 Antoine Herteman comme Pr\u00e9sident de l\u2019Avere-France, pour un second mandat. Bernard Guillarme (personnalit\u00e9 qualifi\u00e9e) et J\u00e9r\u00e9mie Motin (EDF) ont \u00e9t\u00e9 respectivement r\u00e9\u00e9lus Vice-pr\u00e9sident et Tr\u00e9sorier de l\u2019association. <a href=\"https:\/\/www.avere-france.org\/antoine-herteman-reelu-president-de-lavere-france\/\" target='bwindow' rel=\"noopener\">Lire la suite&#8230;<\/a><\/p>\n","protected":false},"excerpt":{"rendered":"<p>&#8230; <a class=\"continue-reading-link\" href=\"https:\/\/www.evearly.news\/fr\/antoine-herteman-reelu-president-de-lavere-france\/\"><\/a><\/p>\n","protected":false},"author":10,"featured_media":0,"comment_status":"closed","ping_status":"closed","sticky":false,"template":"Default","format":"standard","meta":{"footnotes":""},"categories":[9],"tags":[],"class_list":["post-238237","post","type-post","status-publish","format-standard","hentry","category-avere-france"],"_links":{"self":[{"href":"https:\/\/www.evearly.news\/fr\/wp-json\/wp\/v2\/posts\/238237","targetHints":{"allow":["GET"]}}],"collection":[{"href":"https:\/\/www.evearly.news\/fr\/wp-json\/wp\/v2\/posts"}],"about":[{"href":"https:\/\/www.evearly.news\/fr\/wp-json\/wp\/v2\/types\/post"}],"author":[{"embeddable":true,"href":"https:\/\/www.evearly.news\/fr\/wp-json\/wp\/v2\/users\/10"}],"replies":[{"embeddable":true,"href":"https:\/\/www.evearly.news\/fr\/wp-json\/wp\/v2\/comments?post=238237"}],"version-history":[{"count":0,"href":"https:\/\/www.evearly.news\/fr\/wp-json\/wp\/v2\/posts\/238237\/revisions"}],"wp:attachment":[{"href":"https:\/\/www.evearly.news\/fr\/wp-json\/wp\/v2\/media?parent=238237"}],"wp:term":[{"taxonomy":"category","embeddable":true,"href":"https:\/\/www.evearly.news\/fr\/wp-json\/wp\/v2\/categories?post=238237"},{"taxonomy":"post_tag","embeddable":true,"href":"https:\/\/www.evearly.news\/fr\/wp-json\/wp\/v2\/tags?post=238237"}],"curies":[{"name":"wp","href":"https:\/\/api.w.org\/{rel}","templated":true}]}}