{"id":238462,"date":"2023-04-20T13:55:18","date_gmt":"2023-04-20T13:55:18","guid":{"rendered":"https:\/\/news.evearly.com\/renault-refuse-la-guerre-des-prix-sur-lelectrique\/"},"modified":"2023-08-28T12:19:18","modified_gmt":"2023-08-28T12:19:18","slug":"renault-refuse-la-guerre-des-prix-sur-lelectrique","status":"publish","type":"post","link":"https:\/\/www.evearly.news\/fr\/renault-refuse-la-guerre-des-prix-sur-lelectrique\/","title":{"rendered":"Renault refuse la guerre des prix sur l\u2019\u00e9lectrique"},"content":{"rendered":"<p><img decoding=\"async\" src=\"https:\/\/news.evearly.com\/wp-content\/uploads\/2023\/04\/renault-refuse-la-guerre-des-prix-sur-lelectrique.jpg\" \/> Le constructeur fran\u00e7ais ne compte pas entrer \u00ab dans une spirale \u00bb des prix pour ses mod\u00e8les \u00e9lectriques. Une position plut\u00f4t p\u00e9rilleuse dans la conjoncture actuelle. <a href=\"https:\/\/www.caradisiac.com\/renault-refuse-la-guerre-des-prix-sur-l-electrique-202046.htm#xtor=RSS-40\" target=\"blank\" rel=\"noopener\">Lire la suite&#8230;<\/a><\/p>\n","protected":false},"excerpt":{"rendered":"<p><img decoding=\"async\" src=\"https:\/\/news.evearly.com\/wp-content\/uploads\/2023\/04\/renault-refuse-la-guerre-des-prix-sur-lelectrique.jpg\" \/> Le constructeur fran\u00e7ais ne compte pas entrer \u00ab dans une spirale \u00bb des prix pour ses mod\u00e8les \u00e9lectriques. Une position plut\u00f4t p\u00e9rilleuse dans la conjoncture actuelle.<\/p>\n<p> <a class=\"continue-reading-link\" href=\"https:\/\/www.evearly.news\/fr\/renault-refuse-la-guerre-des-prix-sur-lelectrique\/\"><\/a><\/p>\n","protected":false},"author":11,"featured_media":0,"comment_status":"closed","ping_status":"closed","sticky":false,"template":"","format":"standard","meta":{"footnotes":""},"categories":[11],"tags":[],"class_list":["post-238462","post","type-post","status-publish","format-standard","hentry","category-caradisiac"],"_links":{"self":[{"href":"https:\/\/www.evearly.news\/fr\/wp-json\/wp\/v2\/posts\/238462","targetHints":{"allow":["GET"]}}],"collection":[{"href":"https:\/\/www.evearly.news\/fr\/wp-json\/wp\/v2\/posts"}],"about":[{"href":"https:\/\/www.evearly.news\/fr\/wp-json\/wp\/v2\/types\/post"}],"author":[{"embeddable":true,"href":"https:\/\/www.evearly.news\/fr\/wp-json\/wp\/v2\/users\/11"}],"replies":[{"embeddable":true,"href":"https:\/\/www.evearly.news\/fr\/wp-json\/wp\/v2\/comments?post=238462"}],"version-history":[{"count":1,"href":"https:\/\/www.evearly.news\/fr\/wp-json\/wp\/v2\/posts\/238462\/revisions"}],"predecessor-version":[{"id":257881,"href":"https:\/\/www.evearly.news\/fr\/wp-json\/wp\/v2\/posts\/238462\/revisions\/257881"}],"wp:attachment":[{"href":"https:\/\/www.evearly.news\/fr\/wp-json\/wp\/v2\/media?parent=238462"}],"wp:term":[{"taxonomy":"category","embeddable":true,"href":"https:\/\/www.evearly.news\/fr\/wp-json\/wp\/v2\/categories?post=238462"},{"taxonomy":"post_tag","embeddable":true,"href":"https:\/\/www.evearly.news\/fr\/wp-json\/wp\/v2\/tags?post=238462"}],"curies":[{"name":"wp","href":"https:\/\/api.w.org\/{rel}","templated":true}]}}