{"id":238496,"date":"2023-04-21T07:03:45","date_gmt":"2023-04-21T05:03:45","guid":{"rendered":"https:\/\/news.evearly.com\/lavere-france-presente-a-la-foire-de-paris-2023-a-travers-lelectric-box-un-stand-pedagogique-dedie-a-la-mobilite-electrique\/"},"modified":"2026-03-20T00:44:17","modified_gmt":"2026-03-19T23:44:17","slug":"lavere-france-presente-a-la-foire-de-paris-2023-a-travers-lelectric-box-un-stand-pedagogique-dedie-a-la-mobilite-electrique","status":"publish","type":"post","link":"https:\/\/www.evearly.news\/fr\/lavere-france-presente-a-la-foire-de-paris-2023-a-travers-lelectric-box-un-stand-pedagogique-dedie-a-la-mobilite-electrique\/","title":{"rendered":"L\u2019Avere-France pr\u00e9sente \u00e0 la Foire de Paris 2023 \u00e0 travers l\u2019Electric Box, un stand p\u00e9dagogique d\u00e9di\u00e9 \u00e0 la mobilit\u00e9 \u00e9lectrique"},"content":{"rendered":"<p><img decoding=\"async\" src=\"https:\/\/www.avere-france.org\/wp-content\/uploads\/2023\/04\/Electric-Box.png\" alt=\"Electric Box Avere-France\" \/><br \/>\nDu 27 avril au 8 mai 2023 se d\u00e9roulera la nouvelle \u00e9dition de la Foire de Paris, \u00e0 la Porte de Versailles. Sur place, divers stands et animations, dans tous les secteurs. Parmi eux, l\u2019Electric Box, un espace p\u00e9dagogique d\u00e9di\u00e9 \u00e0 la mobilit\u00e9 \u00e9lectrique port\u00e9 par l\u2019Avere-France dans le cadre de son programme CEE Advenir Formations. Ce stand, d\u00e9j\u00e0 aper\u00e7u au Mondial de l\u2019Auto 2022, est r\u00e9alis\u00e9 avec le soutien de Mobilians et de la Plateforme Automobile (PFA), en partenariat avec le Minist\u00e8re de la Transition \u00e9nerg\u00e9tique et l\u2019ADEME. <a href=\"https:\/\/www.avere-france.org\/lavere-france-presente-a-la-foire-de-paris-2023-a-travers-lelectric-box-un-stand-pedagogique-dedie-a-la-mobilite-electrique\/\" target=\"bwindow\" rel=\"noopener\">Lire la suite&#8230;<\/a><\/p>\n","protected":false},"excerpt":{"rendered":"<p>&#8230; <a class=\"continue-reading-link\" href=\"https:\/\/www.evearly.news\/fr\/lavere-france-presente-a-la-foire-de-paris-2023-a-travers-lelectric-box-un-stand-pedagogique-dedie-a-la-mobilite-electrique\/\"><\/a><\/p>\n","protected":false},"author":10,"featured_media":0,"comment_status":"closed","ping_status":"closed","sticky":false,"template":"Default","format":"standard","meta":{"footnotes":""},"categories":[9],"tags":[],"class_list":["post-238496","post","type-post","status-publish","format-standard","hentry","category-avere-france"],"_links":{"self":[{"href":"https:\/\/www.evearly.news\/fr\/wp-json\/wp\/v2\/posts\/238496","targetHints":{"allow":["GET"]}}],"collection":[{"href":"https:\/\/www.evearly.news\/fr\/wp-json\/wp\/v2\/posts"}],"about":[{"href":"https:\/\/www.evearly.news\/fr\/wp-json\/wp\/v2\/types\/post"}],"author":[{"embeddable":true,"href":"https:\/\/www.evearly.news\/fr\/wp-json\/wp\/v2\/users\/10"}],"replies":[{"embeddable":true,"href":"https:\/\/www.evearly.news\/fr\/wp-json\/wp\/v2\/comments?post=238496"}],"version-history":[{"count":1,"href":"https:\/\/www.evearly.news\/fr\/wp-json\/wp\/v2\/posts\/238496\/revisions"}],"predecessor-version":[{"id":319300,"href":"https:\/\/www.evearly.news\/fr\/wp-json\/wp\/v2\/posts\/238496\/revisions\/319300"}],"wp:attachment":[{"href":"https:\/\/www.evearly.news\/fr\/wp-json\/wp\/v2\/media?parent=238496"}],"wp:term":[{"taxonomy":"category","embeddable":true,"href":"https:\/\/www.evearly.news\/fr\/wp-json\/wp\/v2\/categories?post=238496"},{"taxonomy":"post_tag","embeddable":true,"href":"https:\/\/www.evearly.news\/fr\/wp-json\/wp\/v2\/tags?post=238496"}],"curies":[{"name":"wp","href":"https:\/\/api.w.org\/{rel}","templated":true}]}}