{"id":240034,"date":"2023-05-12T12:00:03","date_gmt":"2023-05-12T10:00:03","guid":{"rendered":"https:\/\/news.evearly.com\/honda-cr-v-2023-rencontre-avec-la-sixieme-generation-du-suv-japonais\/"},"modified":"2023-10-07T00:22:32","modified_gmt":"2023-10-06T22:22:32","slug":"honda-cr-v-2023-rencontre-avec-la-sixieme-generation-du-suv-japonais","status":"publish","type":"post","link":"https:\/\/www.evearly.news\/fr\/honda-cr-v-2023-rencontre-avec-la-sixieme-generation-du-suv-japonais\/","title":{"rendered":"Honda CR-V (2023) : rencontre avec la sixi\u00e8me g\u00e9n\u00e9ration du SUV japonais"},"content":{"rendered":"<p><img decoding=\"async\" src=\"https:\/\/sf1.auto-moto.com\/wp-content\/uploads\/sites\/9\/2023\/05\/honda-crv-2023-studio-13-750x410.jpg\"><br \/>D\u00e9j\u00e0 commercialis\u00e9 aux \u00c9tats-Unis depuis plusieurs mois, le nouveau Honda CR-V arrive enfin en Europe. Plus grand et spacieux, il se dote d\u2019une motorisation hybride rechargeable in\u00e9dite pour venir chercher des noises au Toyota RAV4. <a href=\"https:\/\/www.auto-moto.com\/nouveautes\/honda-cr-v-2023-rencontre-sixieme-generation-suv-japonais-424039.html?utm_source=rss_feed&amp;utm_medium=link&amp;utm_campaign=unknown\" target='bwindow' rel=\"noopener\">Lire la suite&#8230;<\/a><\/p>\n","protected":false},"excerpt":{"rendered":"<p>D\u00e9j\u00e0 commercialis\u00e9 aux \u00c9tats-Unis depuis plusieurs mois, le nouveau Honda CR-V arrive enfin en Europe. Plus grand et spacieux, il se dote d\u2019une motorisation hybride rechargeable in\u00e9dite pour venir chercher des noises au Toyota RAV4&#8230;. <a class=\"continue-reading-link\" href=\"https:\/\/www.evearly.news\/fr\/honda-cr-v-2023-rencontre-avec-la-sixieme-generation-du-suv-japonais\/\"><\/a><\/p>\n","protected":false},"author":9,"featured_media":240035,"comment_status":"closed","ping_status":"closed","sticky":false,"template":"","format":"standard","meta":{"footnotes":""},"categories":[10],"tags":[],"class_list":["post-240034","post","type-post","status-publish","format-standard","has-post-thumbnail","hentry","category-auto-moto-com"],"_links":{"self":[{"href":"https:\/\/www.evearly.news\/fr\/wp-json\/wp\/v2\/posts\/240034","targetHints":{"allow":["GET"]}}],"collection":[{"href":"https:\/\/www.evearly.news\/fr\/wp-json\/wp\/v2\/posts"}],"about":[{"href":"https:\/\/www.evearly.news\/fr\/wp-json\/wp\/v2\/types\/post"}],"author":[{"embeddable":true,"href":"https:\/\/www.evearly.news\/fr\/wp-json\/wp\/v2\/users\/9"}],"replies":[{"embeddable":true,"href":"https:\/\/www.evearly.news\/fr\/wp-json\/wp\/v2\/comments?post=240034"}],"version-history":[{"count":1,"href":"https:\/\/www.evearly.news\/fr\/wp-json\/wp\/v2\/posts\/240034\/revisions"}],"predecessor-version":[{"id":265219,"href":"https:\/\/www.evearly.news\/fr\/wp-json\/wp\/v2\/posts\/240034\/revisions\/265219"}],"wp:featuredmedia":[{"embeddable":true,"href":"https:\/\/www.evearly.news\/fr\/wp-json\/"}],"wp:attachment":[{"href":"https:\/\/www.evearly.news\/fr\/wp-json\/wp\/v2\/media?parent=240034"}],"wp:term":[{"taxonomy":"category","embeddable":true,"href":"https:\/\/www.evearly.news\/fr\/wp-json\/wp\/v2\/categories?post=240034"},{"taxonomy":"post_tag","embeddable":true,"href":"https:\/\/www.evearly.news\/fr\/wp-json\/wp\/v2\/tags?post=240034"}],"curies":[{"name":"wp","href":"https:\/\/api.w.org\/{rel}","templated":true}]}}