{"id":240044,"date":"2023-05-12T11:08:48","date_gmt":"2023-05-12T09:08:48","guid":{"rendered":"https:\/\/news.evearly.com\/les-camions-electriques-deviennent-realite-avec-ce-chargeur-ultra-rapide\/"},"modified":"2023-12-06T10:52:42","modified_gmt":"2023-12-06T09:52:42","slug":"les-camions-electriques-deviennent-realite-avec-ce-chargeur-ultra-rapide","status":"publish","type":"post","link":"https:\/\/www.evearly.news\/fr\/les-camions-electriques-deviennent-realite-avec-ce-chargeur-ultra-rapide\/","title":{"rendered":"Les camions \u00e9lectriques deviennent r\u00e9alit\u00e9 avec ce chargeur ultra-rapide"},"content":{"rendered":"<p><img decoding=\"async\" width=\"1200\" height=\"800\" src=\"https:\/\/news.evearly.com\/wp-content\/uploads\/2023\/05\/les-camions-electriques-deviennent-realite-avec-ce-chargeur-ultra-rapide.jpg\" class=\"attachment-large size-large wp-post-image\" alt=\"\" loading=\"lazy\" \/><br \/>Tr\u00e8s investi dans l&rsquo;\u00e9lectrification, Scania s&rsquo;associe avec l&rsquo;entreprise ABB afin de d\u00e9velopper une solution de recharge ultra-puissante pour ses camions \u00e9lectriques. Avec une puissance impressionnante de 1,2 MW et le double \u00e0 terme, cette nouvelle borne va faire du mal au Megachargeur de Tesla destin\u00e9 \u00e0 son Semi. <a href=\"https:\/\/www.frandroid.com\/produits-android\/automobile\/voitures-electriques\/1690671_les-camions-electriques-deviennent-realite-avec-ce-chargeur-ultra-rapide\" target=\"blank\" rel=\"noopener\">Lire la suite&#8230;<\/a><\/p>\n","protected":false},"excerpt":{"rendered":"<p><img decoding=\"async\" width=\"1200\" height=\"800\" src=\"https:\/\/news.evearly.com\/wp-content\/uploads\/2023\/05\/les-camions-electriques-deviennent-realite-avec-ce-chargeur-ultra-rapide.jpg\" class=\"attachment-large size-large wp-post-image\" alt=\"\" loading=\"lazy\" \/><br \/>Tr\u00e8s investi dans l&rsquo;\u00e9lectrification, Scania s&rsquo;associe avec l&rsquo;entreprise ABB afin de d\u00e9velopper une solution de recharge ultra-puissante pour ses camions \u00e9lectriques. Avec une puissance impressionnante de 1,2 MW et le double \u00e0 terme, cette nouvelle borne va faire du mal au Megachargeur de Tesla destin\u00e9 \u00e0 son Semi.<\/p>\n<p> <a class=\"continue-reading-link\" href=\"https:\/\/www.evearly.news\/fr\/les-camions-electriques-deviennent-realite-avec-ce-chargeur-ultra-rapide\/\"><\/a><\/p>\n","protected":false},"author":6,"featured_media":240045,"comment_status":"closed","ping_status":"closed","sticky":false,"template":"","format":"standard","meta":{"footnotes":""},"categories":[14],"tags":[],"class_list":["post-240044","post","type-post","status-publish","format-standard","has-post-thumbnail","hentry","category-frandroid"],"_links":{"self":[{"href":"https:\/\/www.evearly.news\/fr\/wp-json\/wp\/v2\/posts\/240044","targetHints":{"allow":["GET"]}}],"collection":[{"href":"https:\/\/www.evearly.news\/fr\/wp-json\/wp\/v2\/posts"}],"about":[{"href":"https:\/\/www.evearly.news\/fr\/wp-json\/wp\/v2\/types\/post"}],"author":[{"embeddable":true,"href":"https:\/\/www.evearly.news\/fr\/wp-json\/wp\/v2\/users\/6"}],"replies":[{"embeddable":true,"href":"https:\/\/www.evearly.news\/fr\/wp-json\/wp\/v2\/comments?post=240044"}],"version-history":[{"count":1,"href":"https:\/\/www.evearly.news\/fr\/wp-json\/wp\/v2\/posts\/240044\/revisions"}],"predecessor-version":[{"id":269601,"href":"https:\/\/www.evearly.news\/fr\/wp-json\/wp\/v2\/posts\/240044\/revisions\/269601"}],"wp:featuredmedia":[{"embeddable":true,"href":"https:\/\/www.evearly.news\/fr\/wp-json\/"}],"wp:attachment":[{"href":"https:\/\/www.evearly.news\/fr\/wp-json\/wp\/v2\/media?parent=240044"}],"wp:term":[{"taxonomy":"category","embeddable":true,"href":"https:\/\/www.evearly.news\/fr\/wp-json\/wp\/v2\/categories?post=240044"},{"taxonomy":"post_tag","embeddable":true,"href":"https:\/\/www.evearly.news\/fr\/wp-json\/wp\/v2\/tags?post=240044"}],"curies":[{"name":"wp","href":"https:\/\/api.w.org\/{rel}","templated":true}]}}