{"id":240048,"date":"2023-05-12T11:40:00","date_gmt":"2023-05-12T09:40:00","guid":{"rendered":"https:\/\/news.evearly.com\/de-volvo-a-porsche-ces-modeles-electriques-attendus-sont-tous-en-retard\/"},"modified":"2023-05-12T11:40:00","modified_gmt":"2023-05-12T09:40:00","slug":"de-volvo-a-porsche-ces-modeles-electriques-attendus-sont-tous-en-retard","status":"publish","type":"post","link":"https:\/\/www.evearly.news\/fr\/de-volvo-a-porsche-ces-modeles-electriques-attendus-sont-tous-en-retard\/","title":{"rendered":"De Volvo \u00e0 Porsche, ces mod\u00e8les \u00e9lectriques attendus sont tous en retard"},"content":{"rendered":"<p><img decoding=\"async\" width=\"1024\" height=\"576\" src=\"https:\/\/news.evearly.com\/wp-content\/uploads\/2023\/05\/de-volvo-a-porsche-ces-modeles-electriques-attendus-sont-tous-en-retard.jpg\" class=\"attachment-large size-large wp-post-image\" alt=\"\" loading=\"lazy\" \/><br \/>\nPr\u00e9vus \u00e0 la vente dans le courant de l\u2019ann\u00e9e 2023 ou 2024, plusieurs mod\u00e8les de v\u00e9hicules \u00e9lectriques verront leur sortie retard\u00e9e. Voici quelles voitures seront disponibles plus tard que pr\u00e9vu. <a href=\"https:\/\/www.numerama.com\/vroom\/1373080-de-volvo-a-porsche-ces-modeles-electriques-attendus-sont-tous-en-retard.html\" target='bwindow' rel=\"noopener\">Lire la suite&#8230;<\/a><\/p>\n","protected":false},"excerpt":{"rendered":"<p>&#8230; <a class=\"continue-reading-link\" href=\"https:\/\/www.evearly.news\/fr\/de-volvo-a-porsche-ces-modeles-electriques-attendus-sont-tous-en-retard\/\"><\/a><\/p>\n","protected":false},"author":16,"featured_media":0,"comment_status":"closed","ping_status":"closed","sticky":false,"template":"Default","format":"standard","meta":{"footnotes":""},"categories":[17],"tags":[],"class_list":["post-240048","post","type-post","status-publish","format-standard","hentry","category-numerama"],"_links":{"self":[{"href":"https:\/\/www.evearly.news\/fr\/wp-json\/wp\/v2\/posts\/240048","targetHints":{"allow":["GET"]}}],"collection":[{"href":"https:\/\/www.evearly.news\/fr\/wp-json\/wp\/v2\/posts"}],"about":[{"href":"https:\/\/www.evearly.news\/fr\/wp-json\/wp\/v2\/types\/post"}],"author":[{"embeddable":true,"href":"https:\/\/www.evearly.news\/fr\/wp-json\/wp\/v2\/users\/16"}],"replies":[{"embeddable":true,"href":"https:\/\/www.evearly.news\/fr\/wp-json\/wp\/v2\/comments?post=240048"}],"version-history":[{"count":0,"href":"https:\/\/www.evearly.news\/fr\/wp-json\/wp\/v2\/posts\/240048\/revisions"}],"wp:attachment":[{"href":"https:\/\/www.evearly.news\/fr\/wp-json\/wp\/v2\/media?parent=240048"}],"wp:term":[{"taxonomy":"category","embeddable":true,"href":"https:\/\/www.evearly.news\/fr\/wp-json\/wp\/v2\/categories?post=240048"},{"taxonomy":"post_tag","embeddable":true,"href":"https:\/\/www.evearly.news\/fr\/wp-json\/wp\/v2\/tags?post=240048"}],"curies":[{"name":"wp","href":"https:\/\/api.w.org\/{rel}","templated":true}]}}