{"id":240062,"date":"2023-05-12T13:00:55","date_gmt":"2023-05-12T11:00:55","guid":{"rendered":"https:\/\/news.evearly.com\/zfe-de-bordeaux-ses-contours-se-precisent\/"},"modified":"2023-10-07T00:22:31","modified_gmt":"2023-10-06T22:22:31","slug":"zfe-de-bordeaux-ses-contours-se-precisent","status":"publish","type":"post","link":"https:\/\/www.evearly.news\/fr\/zfe-de-bordeaux-ses-contours-se-precisent\/","title":{"rendered":"ZFE de Bordeaux : ses contours se pr\u00e9cisent !"},"content":{"rendered":"<p><img decoding=\"async\" src=\"https:\/\/photos.auto-moto.com\/32\/2023\/05\/photo_article\/16572\/118383\/1200-L-zfe-de-bordeaux-ses-contours-se-prcisent.webp\" alt=\"\u00a9 Yayimages\" \/>Les Bordelais peuvent souffler encore un peu, la Zones \u00e0 faibles \u00e9missions mobilit\u00e9 (ZFE-m) ne devrait pas \u00eatre mise en place avant le 1er janvier 2025. <a href=\"https:\/\/www.auto-moto.com\/actualite\/zfe-de-bordeaux-contours-se-precisent-424085.html?utm_source=rss_feed&amp;utm_medium=link&amp;utm_campaign=unknown\" target=\"bwindow\" rel=\"noopener\">Lire la suite&#8230;<\/a><\/p>\n","protected":false},"excerpt":{"rendered":"<p>Les Bordelais peuvent souffler encore un peu, la Zones \u00e0 faibles \u00e9missions mobilit\u00e9 (ZFE-m) ne devrait pas \u00eatre mise en place avant le 1er janvier 2025&#8230;. <a class=\"continue-reading-link\" href=\"https:\/\/www.evearly.news\/fr\/zfe-de-bordeaux-ses-contours-se-precisent\/\"><\/a><\/p>\n","protected":false},"author":9,"featured_media":240063,"comment_status":"closed","ping_status":"closed","sticky":false,"template":"","format":"standard","meta":{"footnotes":""},"categories":[10],"tags":[],"class_list":["post-240062","post","type-post","status-publish","format-standard","has-post-thumbnail","hentry","category-auto-moto-com"],"_links":{"self":[{"href":"https:\/\/www.evearly.news\/fr\/wp-json\/wp\/v2\/posts\/240062","targetHints":{"allow":["GET"]}}],"collection":[{"href":"https:\/\/www.evearly.news\/fr\/wp-json\/wp\/v2\/posts"}],"about":[{"href":"https:\/\/www.evearly.news\/fr\/wp-json\/wp\/v2\/types\/post"}],"author":[{"embeddable":true,"href":"https:\/\/www.evearly.news\/fr\/wp-json\/wp\/v2\/users\/9"}],"replies":[{"embeddable":true,"href":"https:\/\/www.evearly.news\/fr\/wp-json\/wp\/v2\/comments?post=240062"}],"version-history":[{"count":1,"href":"https:\/\/www.evearly.news\/fr\/wp-json\/wp\/v2\/posts\/240062\/revisions"}],"predecessor-version":[{"id":265126,"href":"https:\/\/www.evearly.news\/fr\/wp-json\/wp\/v2\/posts\/240062\/revisions\/265126"}],"wp:featuredmedia":[{"embeddable":true,"href":"https:\/\/www.evearly.news\/fr\/wp-json\/"}],"wp:attachment":[{"href":"https:\/\/www.evearly.news\/fr\/wp-json\/wp\/v2\/media?parent=240062"}],"wp:term":[{"taxonomy":"category","embeddable":true,"href":"https:\/\/www.evearly.news\/fr\/wp-json\/wp\/v2\/categories?post=240062"},{"taxonomy":"post_tag","embeddable":true,"href":"https:\/\/www.evearly.news\/fr\/wp-json\/wp\/v2\/tags?post=240062"}],"curies":[{"name":"wp","href":"https:\/\/api.w.org\/{rel}","templated":true}]}}