{"id":240064,"date":"2023-05-12T14:00:39","date_gmt":"2023-05-12T12:00:39","guid":{"rendered":"https:\/\/news.evearly.com\/honda-zr-v-premier-contact-avec-le-nouveau-suv-hybride\/"},"modified":"2023-10-07T00:22:30","modified_gmt":"2023-10-06T22:22:30","slug":"honda-zr-v-premier-contact-avec-le-nouveau-suv-hybride","status":"publish","type":"post","link":"https:\/\/www.evearly.news\/fr\/honda-zr-v-premier-contact-avec-le-nouveau-suv-hybride\/","title":{"rendered":"Honda ZR-V : premier contact avec le nouveau SUV hybride"},"content":{"rendered":"<p><img decoding=\"async\" src=\"https:\/\/sf1.auto-moto.com\/wp-content\/uploads\/sites\/9\/2023\/05\/honda-zrv-2023-studio-8-750x410.jpg\"><br \/>Honda lance enfin le HR-V am\u00e9ricain en Europe, mais sous un autre nom : ZR-V. Bas\u00e9 sur la Civic, il vient ainsi combler le vide entre le petit HR-V europ\u00e9en et le nouveau CR-V, bien plus gros. <a href=\"https:\/\/www.auto-moto.com\/nouveautes\/honda-zr-v-premier-contact-nouveau-suv-hybride-424099.html?utm_source=rss_feed&amp;utm_medium=link&amp;utm_campaign=unknown\" target='bwindow' rel=\"noopener\">Lire la suite&#8230;<\/a><\/p>\n","protected":false},"excerpt":{"rendered":"<p>Honda lance enfin le HR-V am\u00e9ricain en Europe, mais sous un autre nom : ZR-V. Bas\u00e9 sur la Civic, il vient ainsi combler le vide entre le petit HR-V europ\u00e9en et le nouveau CR-V, bien plus gros&#8230;. <a class=\"continue-reading-link\" href=\"https:\/\/www.evearly.news\/fr\/honda-zr-v-premier-contact-avec-le-nouveau-suv-hybride\/\"><\/a><\/p>\n","protected":false},"author":9,"featured_media":240065,"comment_status":"closed","ping_status":"closed","sticky":false,"template":"","format":"standard","meta":{"footnotes":""},"categories":[10],"tags":[],"class_list":["post-240064","post","type-post","status-publish","format-standard","has-post-thumbnail","hentry","category-auto-moto-com"],"_links":{"self":[{"href":"https:\/\/www.evearly.news\/fr\/wp-json\/wp\/v2\/posts\/240064","targetHints":{"allow":["GET"]}}],"collection":[{"href":"https:\/\/www.evearly.news\/fr\/wp-json\/wp\/v2\/posts"}],"about":[{"href":"https:\/\/www.evearly.news\/fr\/wp-json\/wp\/v2\/types\/post"}],"author":[{"embeddable":true,"href":"https:\/\/www.evearly.news\/fr\/wp-json\/wp\/v2\/users\/9"}],"replies":[{"embeddable":true,"href":"https:\/\/www.evearly.news\/fr\/wp-json\/wp\/v2\/comments?post=240064"}],"version-history":[{"count":1,"href":"https:\/\/www.evearly.news\/fr\/wp-json\/wp\/v2\/posts\/240064\/revisions"}],"predecessor-version":[{"id":265218,"href":"https:\/\/www.evearly.news\/fr\/wp-json\/wp\/v2\/posts\/240064\/revisions\/265218"}],"wp:featuredmedia":[{"embeddable":true,"href":"https:\/\/www.evearly.news\/fr\/wp-json\/"}],"wp:attachment":[{"href":"https:\/\/www.evearly.news\/fr\/wp-json\/wp\/v2\/media?parent=240064"}],"wp:term":[{"taxonomy":"category","embeddable":true,"href":"https:\/\/www.evearly.news\/fr\/wp-json\/wp\/v2\/categories?post=240064"},{"taxonomy":"post_tag","embeddable":true,"href":"https:\/\/www.evearly.news\/fr\/wp-json\/wp\/v2\/tags?post=240064"}],"curies":[{"name":"wp","href":"https:\/\/api.w.org\/{rel}","templated":true}]}}