{"id":240879,"date":"2023-05-19T10:02:32","date_gmt":"2023-05-19T10:02:32","guid":{"rendered":"https:\/\/news.evearly.com\/les-prochaines-ford-pourraient-cacher-des-glacieres-sous-leur-capot\/"},"modified":"2023-08-29T15:30:34","modified_gmt":"2023-08-29T15:30:34","slug":"les-prochaines-ford-pourraient-cacher-des-glacieres-sous-leur-capot","status":"publish","type":"post","link":"https:\/\/www.evearly.news\/fr\/les-prochaines-ford-pourraient-cacher-des-glacieres-sous-leur-capot\/","title":{"rendered":"Les prochaines Ford pourraient cacher des glaci\u00e8res sous leur capot"},"content":{"rendered":"<p><img loading=\"lazy\" decoding=\"async\" width=\"500\" height=\"333\" src=\"https:\/\/news.evearly.com\/wp-content\/uploads\/2023\/05\/les-prochaines-ford-pourraient-cacher-des-glacieres-sous-leur-capot.jpg\" class=\"attachment-186x124 size-186x124 wp-post-image\" alt=\"Ford\" \/><br \/>\nApr\u00e8s une premi\u00e8re tentative, Ford pense tr\u00e8s s\u00e9rieusement \u00e0 transformer le frunk de ses voitures \u00e9lectriques en de v\u00e9ritables glaci\u00e8res. <a href=\"https:\/\/www.automobile-propre.com\/breves\/les-prochaines-ford-pourraient-cacher-des-glacieres-sous-leur-capot\/\" target='bwindow' rel=\"noopener\">Lire la suite&#8230;<\/a><\/p>\n","protected":false},"excerpt":{"rendered":"<p>Apr\u00e8s une premi\u00e8re tentative, Ford pense tr\u00e8s s\u00e9rieusement \u00e0 transformer le frunk de ses voitures \u00e9lectriques en de v\u00e9ritables glaci\u00e8res.<\/p>\n<p> Lire la suite&#8230;&#8230; <a class=\"continue-reading-link\" href=\"https:\/\/www.evearly.news\/fr\/les-prochaines-ford-pourraient-cacher-des-glacieres-sous-leur-capot\/\"><\/a><\/p>\n","protected":false},"author":8,"featured_media":0,"comment_status":"closed","ping_status":"closed","sticky":false,"template":"","format":"standard","meta":{"footnotes":""},"categories":[8],"tags":[],"class_list":["post-240879","post","type-post","status-publish","format-standard","hentry","category-automobile-propre"],"_links":{"self":[{"href":"https:\/\/www.evearly.news\/fr\/wp-json\/wp\/v2\/posts\/240879","targetHints":{"allow":["GET"]}}],"collection":[{"href":"https:\/\/www.evearly.news\/fr\/wp-json\/wp\/v2\/posts"}],"about":[{"href":"https:\/\/www.evearly.news\/fr\/wp-json\/wp\/v2\/types\/post"}],"author":[{"embeddable":true,"href":"https:\/\/www.evearly.news\/fr\/wp-json\/wp\/v2\/users\/8"}],"replies":[{"embeddable":true,"href":"https:\/\/www.evearly.news\/fr\/wp-json\/wp\/v2\/comments?post=240879"}],"version-history":[{"count":1,"href":"https:\/\/www.evearly.news\/fr\/wp-json\/wp\/v2\/posts\/240879\/revisions"}],"predecessor-version":[{"id":255140,"href":"https:\/\/www.evearly.news\/fr\/wp-json\/wp\/v2\/posts\/240879\/revisions\/255140"}],"wp:attachment":[{"href":"https:\/\/www.evearly.news\/fr\/wp-json\/wp\/v2\/media?parent=240879"}],"wp:term":[{"taxonomy":"category","embeddable":true,"href":"https:\/\/www.evearly.news\/fr\/wp-json\/wp\/v2\/categories?post=240879"},{"taxonomy":"post_tag","embeddable":true,"href":"https:\/\/www.evearly.news\/fr\/wp-json\/wp\/v2\/tags?post=240879"}],"curies":[{"name":"wp","href":"https:\/\/api.w.org\/{rel}","templated":true}]}}