{"id":241310,"date":"2023-05-24T10:30:28","date_gmt":"2023-05-24T08:30:28","guid":{"rendered":"https:\/\/news.evearly.com\/la-fameuse-citroen-my-ami-buggy-est-bientot-de-retour-mais-il-va-falloir-se-depecher\/"},"modified":"2023-12-06T10:51:47","modified_gmt":"2023-12-06T09:51:47","slug":"la-fameuse-citroen-my-ami-buggy-est-bientot-de-retour-mais-il-va-falloir-se-depecher","status":"publish","type":"post","link":"https:\/\/www.evearly.news\/fr\/la-fameuse-citroen-my-ami-buggy-est-bientot-de-retour-mais-il-va-falloir-se-depecher\/","title":{"rendered":"La fameuse Citro\u00ebn My Ami Buggy est bient\u00f4t de retour, mais il va falloir se d\u00e9p\u00eacher"},"content":{"rendered":"<p><img decoding=\"async\" width=\"1200\" height=\"900\" src=\"https:\/\/news.evearly.com\/wp-content\/uploads\/2023\/05\/la-fameuse-citroen-my-ami-buggy-est-bientot-de-retour-mais-il-va-falloir-se-depecher.jpg\" class=\"attachment-large size-large wp-post-image\" alt=\"\" loading=\"lazy\" \/><br \/>L&rsquo;ann\u00e9e derni\u00e8re, Citro\u00ebn avait lanc\u00e9 une s\u00e9rie sp\u00e9ciale bas\u00e9e sur son Ami, baptisaits Buggy, qui se distinguait par un style plus baroudeur. Une \u00e9dition limit\u00e9e \u00e0 50 exemplaires qui avait rencontr\u00e9 un franc succ\u00e8s. \u00c0 tel point que la firme a d\u00e9cid\u00e9 de la r\u00e9\u00e9diter en 2023. Mais attention \u00e0 son prix&#8230; d&rsquo;autant plus qu&rsquo;il n&rsquo;y en aura pas pour tout le monde. <a href=\"https:\/\/www.frandroid.com\/marques\/citroen\/1699255_la-fameuse-citroen-my-ami-buggy-est-bientot-de-retour-mais-il-va-falloir-se-depecher\" target=\"blank\" rel=\"noopener\">Lire la suite&#8230;<\/a><\/p>\n","protected":false},"excerpt":{"rendered":"<p><img decoding=\"async\" width=\"1200\" height=\"900\" src=\"https:\/\/news.evearly.com\/wp-content\/uploads\/2023\/05\/la-fameuse-citroen-my-ami-buggy-est-bientot-de-retour-mais-il-va-falloir-se-depecher.jpg\" class=\"attachment-large size-large wp-post-image\" alt=\"\" loading=\"lazy\" \/><br \/>L&rsquo;ann\u00e9e derni\u00e8re, Citro\u00ebn avait lanc\u00e9 une s\u00e9rie sp\u00e9ciale bas\u00e9e sur son Ami, baptisaits Buggy, qui se distinguait par un style plus baroudeur. Une \u00e9dition limit\u00e9e \u00e0 50 exemplaires qui avait rencontr\u00e9 un franc succ\u00e8s. \u00c0 tel point que la firme a d\u00e9cid\u00e9 de la r\u00e9\u00e9diter en 2023. Mais attention \u00e0 son prix&#8230; d&rsquo;autant plus qu&rsquo;il n&rsquo;y en aura pas pour tout le monde.\n<\/p>\n<p> <a class=\"continue-reading-link\" href=\"https:\/\/www.evearly.news\/fr\/la-fameuse-citroen-my-ami-buggy-est-bientot-de-retour-mais-il-va-falloir-se-depecher\/\"><\/a><\/p>\n","protected":false},"author":6,"featured_media":0,"comment_status":"closed","ping_status":"closed","sticky":false,"template":"","format":"standard","meta":{"footnotes":""},"categories":[14],"tags":[],"class_list":["post-241310","post","type-post","status-publish","format-standard","hentry","category-frandroid"],"_links":{"self":[{"href":"https:\/\/www.evearly.news\/fr\/wp-json\/wp\/v2\/posts\/241310","targetHints":{"allow":["GET"]}}],"collection":[{"href":"https:\/\/www.evearly.news\/fr\/wp-json\/wp\/v2\/posts"}],"about":[{"href":"https:\/\/www.evearly.news\/fr\/wp-json\/wp\/v2\/types\/post"}],"author":[{"embeddable":true,"href":"https:\/\/www.evearly.news\/fr\/wp-json\/wp\/v2\/users\/6"}],"replies":[{"embeddable":true,"href":"https:\/\/www.evearly.news\/fr\/wp-json\/wp\/v2\/comments?post=241310"}],"version-history":[{"count":1,"href":"https:\/\/www.evearly.news\/fr\/wp-json\/wp\/v2\/posts\/241310\/revisions"}],"predecessor-version":[{"id":269550,"href":"https:\/\/www.evearly.news\/fr\/wp-json\/wp\/v2\/posts\/241310\/revisions\/269550"}],"wp:attachment":[{"href":"https:\/\/www.evearly.news\/fr\/wp-json\/wp\/v2\/media?parent=241310"}],"wp:term":[{"taxonomy":"category","embeddable":true,"href":"https:\/\/www.evearly.news\/fr\/wp-json\/wp\/v2\/categories?post=241310"},{"taxonomy":"post_tag","embeddable":true,"href":"https:\/\/www.evearly.news\/fr\/wp-json\/wp\/v2\/tags?post=241310"}],"curies":[{"name":"wp","href":"https:\/\/api.w.org\/{rel}","templated":true}]}}