{"id":242232,"date":"2023-05-31T19:21:51","date_gmt":"2023-05-31T19:21:51","guid":{"rendered":"https:\/\/news.evearly.com\/?p=242232"},"modified":"2023-08-28T12:27:13","modified_gmt":"2023-08-28T12:27:13","slug":"premieres-images-du-volvo-ex30-2023-nouveau-suv-electrique-urbain","status":"publish","type":"post","link":"https:\/\/www.evearly.news\/fr\/premieres-images-du-volvo-ex30-2023-nouveau-suv-electrique-urbain\/","title":{"rendered":"Premi\u00e8res images du Volvo EX30 (2023), nouveau SUV \u00e9lectrique urbain"},"content":{"rendered":"<p><img decoding=\"async\" src=\"https:\/\/news.evearly.com\/wp-content\/uploads\/2023\/05\/premieres-images-du-volvo-ex30-2023-nouveau-suv-electrique-urbain.jpg\" \/> En attendant sa pr\u00e9sentation officielle le 7 juin, le nouveau petit SUV \u00e9lectrique citadin de Volvo se montre dans des images d\u00e9j\u00e0 tr\u00e8s r\u00e9v\u00e9latrices. Ce sera le cousin du Smart #1. <a href=\"https:\/\/www.caradisiac.com\/premieres-images-du-volvo-ex30-2023-nouveau-suv-electrique-urbain-202685.htm#xtor=RSS-40\" target=\"blank\" rel=\"noopener\">Lire la suite&#8230;<\/a><\/p>\n","protected":false},"excerpt":{"rendered":"<p><img decoding=\"async\" src=\"https:\/\/news.evearly.com\/wp-content\/uploads\/2023\/05\/premieres-images-du-volvo-ex30-2023-nouveau-suv-electrique-urbain.jpg\" \/><br \/>\n\t\t\t\t\tEn attendant sa pr\u00e9sentation officielle le 7 juin, le nouveau petit SUV \u00e9lectrique citadin de Volvo se montre dans des images d\u00e9j\u00e0 tr\u00e8s r\u00e9v\u00e9latrices. Ce sera le cousin du Smart #1.<\/p>\n<p> <a class=\"continue-reading-link\" href=\"https:\/\/www.evearly.news\/fr\/premieres-images-du-volvo-ex30-2023-nouveau-suv-electrique-urbain\/\"><\/a><\/p>\n","protected":false},"author":11,"featured_media":0,"comment_status":"closed","ping_status":"closed","sticky":false,"template":"","format":"standard","meta":{"footnotes":""},"categories":[11],"tags":[],"class_list":["post-242232","post","type-post","status-publish","format-standard","hentry","category-caradisiac"],"_links":{"self":[{"href":"https:\/\/www.evearly.news\/fr\/wp-json\/wp\/v2\/posts\/242232","targetHints":{"allow":["GET"]}}],"collection":[{"href":"https:\/\/www.evearly.news\/fr\/wp-json\/wp\/v2\/posts"}],"about":[{"href":"https:\/\/www.evearly.news\/fr\/wp-json\/wp\/v2\/types\/post"}],"author":[{"embeddable":true,"href":"https:\/\/www.evearly.news\/fr\/wp-json\/wp\/v2\/users\/11"}],"replies":[{"embeddable":true,"href":"https:\/\/www.evearly.news\/fr\/wp-json\/wp\/v2\/comments?post=242232"}],"version-history":[{"count":1,"href":"https:\/\/www.evearly.news\/fr\/wp-json\/wp\/v2\/posts\/242232\/revisions"}],"predecessor-version":[{"id":257866,"href":"https:\/\/www.evearly.news\/fr\/wp-json\/wp\/v2\/posts\/242232\/revisions\/257866"}],"wp:attachment":[{"href":"https:\/\/www.evearly.news\/fr\/wp-json\/wp\/v2\/media?parent=242232"}],"wp:term":[{"taxonomy":"category","embeddable":true,"href":"https:\/\/www.evearly.news\/fr\/wp-json\/wp\/v2\/categories?post=242232"},{"taxonomy":"post_tag","embeddable":true,"href":"https:\/\/www.evearly.news\/fr\/wp-json\/wp\/v2\/tags?post=242232"}],"curies":[{"name":"wp","href":"https:\/\/api.w.org\/{rel}","templated":true}]}}