{"id":242298,"date":"2023-06-01T09:19:49","date_gmt":"2023-06-01T07:19:49","guid":{"rendered":"https:\/\/news.evearly.com\/batteries-la-premiere-gigafactory-francaise-est-lancee\/"},"modified":"2026-03-20T00:35:48","modified_gmt":"2026-03-19T23:35:48","slug":"batteries-la-premiere-gigafactory-francaise-est-lancee","status":"publish","type":"post","link":"https:\/\/www.evearly.news\/fr\/batteries-la-premiere-gigafactory-francaise-est-lancee\/","title":{"rendered":"Batteries : la premi\u00e8re gigafactory fran\u00e7aise est lanc\u00e9e !"},"content":{"rendered":"<p><img decoding=\"async\" src=\"https:\/\/www.avere-france.org\/wp-content\/uploads\/2023\/06\/acc-gigafactory-02.jpg\" \/><br \/>\nInstall\u00e9e entre Douvrin et Billy-Berclau, dans le Pas-de-Calais, la premi\u00e8re gigafactory fran\u00e7aise d\u00e9di\u00e9e \u00e0 la fabrication de batteries a \u00e9t\u00e9 inaugur\u00e9e ce mardi 30 mai par ACC (Automotive Cells Company), co-entreprise regroupant Stellantis, Mercedes et Saft, filiale de TotalEnergies. <a href=\"https:\/\/www.avere-france.org\/batteries-la-premiere-gigafactory-francaise-est-lancee\/\" target=\"bwindow\" rel=\"noopener\">Lire la suite&#8230;<\/a><\/p>\n","protected":false},"excerpt":{"rendered":"<p>&#8230; <a class=\"continue-reading-link\" href=\"https:\/\/www.evearly.news\/fr\/batteries-la-premiere-gigafactory-francaise-est-lancee\/\"><\/a><\/p>\n","protected":false},"author":10,"featured_media":0,"comment_status":"closed","ping_status":"closed","sticky":false,"template":"Default","format":"standard","meta":{"footnotes":""},"categories":[9],"tags":[],"class_list":["post-242298","post","type-post","status-publish","format-standard","hentry","category-avere-france"],"_links":{"self":[{"href":"https:\/\/www.evearly.news\/fr\/wp-json\/wp\/v2\/posts\/242298","targetHints":{"allow":["GET"]}}],"collection":[{"href":"https:\/\/www.evearly.news\/fr\/wp-json\/wp\/v2\/posts"}],"about":[{"href":"https:\/\/www.evearly.news\/fr\/wp-json\/wp\/v2\/types\/post"}],"author":[{"embeddable":true,"href":"https:\/\/www.evearly.news\/fr\/wp-json\/wp\/v2\/users\/10"}],"replies":[{"embeddable":true,"href":"https:\/\/www.evearly.news\/fr\/wp-json\/wp\/v2\/comments?post=242298"}],"version-history":[{"count":1,"href":"https:\/\/www.evearly.news\/fr\/wp-json\/wp\/v2\/posts\/242298\/revisions"}],"predecessor-version":[{"id":319294,"href":"https:\/\/www.evearly.news\/fr\/wp-json\/wp\/v2\/posts\/242298\/revisions\/319294"}],"wp:attachment":[{"href":"https:\/\/www.evearly.news\/fr\/wp-json\/wp\/v2\/media?parent=242298"}],"wp:term":[{"taxonomy":"category","embeddable":true,"href":"https:\/\/www.evearly.news\/fr\/wp-json\/wp\/v2\/categories?post=242298"},{"taxonomy":"post_tag","embeddable":true,"href":"https:\/\/www.evearly.news\/fr\/wp-json\/wp\/v2\/tags?post=242298"}],"curies":[{"name":"wp","href":"https:\/\/api.w.org\/{rel}","templated":true}]}}