{"id":2428,"date":"2019-09-09T20:30:00","date_gmt":"2019-09-09T18:30:00","guid":{"rendered":"https:\/\/insideevs.fr\/news\/369647\/volkswagen-id3-2019\/?utm_source=RSS&amp;utm_medium=referral&amp;utm_campaign=RSS-all-"},"modified":"2019-09-09T20:30:00","modified_gmt":"2019-09-09T18:30:00","slug":"volkswagen-id-3-2019-toutes-les-infos-toutes-les-photos","status":"publish","type":"post","link":"https:\/\/www.evearly.news\/fr\/volkswagen-id-3-2019-toutes-les-infos-toutes-les-photos\/","title":{"rendered":"Volkswagen ID.3 (2019) &#8211; Toutes les infos, toutes les photos"},"content":{"rendered":"\n<figure class=\"wp-block-image size-large\"><img decoding=\"async\" src=\"https:\/\/news.evearly.com\/wp-content\/uploads\/2019\/09\/volkswagen-id-3-2019.jpg\" alt=\"\" class=\"wp-image-2462\" \/><\/figure>\n\n\n<p><strong>Apr\u00e8s une multitude de teasers, la premi\u00e8re voiture de la gamme ID vient d&rsquo;\u00eatre d\u00e9voil\u00e9e.<\/strong><\/p>\n<p>Apr\u00e8s des mois, voire m\u00eame pratiquement plus d&rsquo;une ann\u00e9e de teasers, Volkswagen l\u00e8ve le voile sur la nouvelle ID.3 et en profite par la m\u00eame occasion pour inaugurer sa gamme ID. Il s&rsquo;agit de la premi\u00e8re voiture reposant sur la nouvelle plateforme \u00e9lectrique du groupe Volkswagen, la MEB. Cette derni\u00e8re sera r\u00e9utilis\u00e9e \u00e9videmment sur d&rsquo;autres mod\u00e8les du c\u00f4t\u00e9 de chez SEAT, \u0160koda, Audi et m\u00eame\u00a0chez Ford \u00e0 plus long terme. La Volkswagen ID.3 est donc la premi\u00e8re voiture&#8230; <a href=\"https:\/\/insideevs.fr\/news\/369647\/volkswagen-id3-2019\/?utm_source=RSS&amp;utm_medium=referral&amp;utm_campaign=RSS-all-\" target=\"_blank\" rel=\"noopener noreferrer\">Lire la suite&#8230;<\/a><\/p>","protected":false},"excerpt":{"rendered":"<p> Apr\u00e8s une multitude de teasers, la premi\u00e8re voiture de la gamme ID vient d&rsquo;\u00eatre d\u00e9voil\u00e9e.  <a class=\"continue-reading-link\" href=\"https:\/\/www.evearly.news\/fr\/volkswagen-id-3-2019-toutes-les-infos-toutes-les-photos\/\"><\/a><\/p>\n","protected":false},"author":14,"featured_media":0,"comment_status":"closed","ping_status":"closed","sticky":false,"template":"","format":"standard","meta":{"footnotes":""},"categories":[15],"tags":[],"class_list":["post-2428","post","type-post","status-publish","format-standard","hentry","category-insideevs"],"_links":{"self":[{"href":"https:\/\/www.evearly.news\/fr\/wp-json\/wp\/v2\/posts\/2428","targetHints":{"allow":["GET"]}}],"collection":[{"href":"https:\/\/www.evearly.news\/fr\/wp-json\/wp\/v2\/posts"}],"about":[{"href":"https:\/\/www.evearly.news\/fr\/wp-json\/wp\/v2\/types\/post"}],"author":[{"embeddable":true,"href":"https:\/\/www.evearly.news\/fr\/wp-json\/wp\/v2\/users\/14"}],"replies":[{"embeddable":true,"href":"https:\/\/www.evearly.news\/fr\/wp-json\/wp\/v2\/comments?post=2428"}],"version-history":[{"count":0,"href":"https:\/\/www.evearly.news\/fr\/wp-json\/wp\/v2\/posts\/2428\/revisions"}],"wp:attachment":[{"href":"https:\/\/www.evearly.news\/fr\/wp-json\/wp\/v2\/media?parent=2428"}],"wp:term":[{"taxonomy":"category","embeddable":true,"href":"https:\/\/www.evearly.news\/fr\/wp-json\/wp\/v2\/categories?post=2428"},{"taxonomy":"post_tag","embeddable":true,"href":"https:\/\/www.evearly.news\/fr\/wp-json\/wp\/v2\/tags?post=2428"}],"curies":[{"name":"wp","href":"https:\/\/api.w.org\/{rel}","templated":true}]}}