{"id":242957,"date":"2023-06-06T19:20:08","date_gmt":"2023-06-06T17:20:08","guid":{"rendered":"https:\/\/news.evearly.com\/citroen-presente-lami-for-all-sa-voiture-sans-permis-pour-les-personnes-a-mobilite-reduite\/"},"modified":"2023-06-06T19:20:08","modified_gmt":"2023-06-06T17:20:08","slug":"citroen-presente-lami-for-all-sa-voiture-sans-permis-pour-les-personnes-a-mobilite-reduite","status":"publish","type":"post","link":"https:\/\/www.evearly.news\/fr\/citroen-presente-lami-for-all-sa-voiture-sans-permis-pour-les-personnes-a-mobilite-reduite\/","title":{"rendered":"Citro\u00ebn pr\u00e9sente \u201cl\u2019Ami for All\u201d, sa voiture sans permis pour les personnes \u00e0 mobilit\u00e9 r\u00e9duite"},"content":{"rendered":"<p><img decoding=\"async\" src=\"https:\/\/news.evearly.com\/wp-content\/uploads\/2023\/06\/citroen-presente-lami-for-all-sa-voiture-sans-permis-pour-les-personnes-a-mobilite-reduite.jpg\"><br \/>A l&rsquo;occasion du salon Autonomic Paris 2023, Citro\u00ebn a pr\u00e9sent\u00e9 une nouvelle version de l&rsquo;AMI, sa c\u00e9l\u00e8bre voiturette \u00e9lectrique sans permis. Baptis\u00e9e \u201cAmi for All\u201d, ce mod\u00e8le a \u00e9t\u00e9 sp\u00e9cialement am\u00e9nag\u00e9 pour offrir une solution de d\u00e9placement adapt\u00e9e aux personnes&#8230; <a href=\"https:\/\/www.phonandroid.com\/citroen-presente-lami-for-all-sa-voiture-sans-permis-pour-les-personnes-a-mobilite-reduite.html\" target=\"blank\" rel=\"noopener\">Lire la suite&#8230;<\/a><\/p>\n","protected":false},"excerpt":{"rendered":"<p>A l&rsquo;occasion du salon Autonomic Paris 2023, Citro\u00ebn a pr\u00e9sent\u00e9 une nouvelle version de l&rsquo;AMI, sa c\u00e9l\u00e8bre voiturette \u00e9lectrique sans permis. Baptis\u00e9e \u201cAmi for All\u201d, ce mod\u00e8le a \u00e9t\u00e9 sp\u00e9cialement am\u00e9nag\u00e9 pour offrir une solution de d\u00e9placement adapt\u00e9e aux personnes&#8230;&#8230; <a class=\"continue-reading-link\" href=\"https:\/\/www.evearly.news\/fr\/citroen-presente-lami-for-all-sa-voiture-sans-permis-pour-les-personnes-a-mobilite-reduite\/\"><\/a><\/p>\n","protected":false},"author":17,"featured_media":0,"comment_status":"closed","ping_status":"closed","sticky":false,"template":"Default","format":"standard","meta":{"footnotes":""},"categories":[18],"tags":[],"class_list":["post-242957","post","type-post","status-publish","format-standard","hentry","category-phonandroid"],"_links":{"self":[{"href":"https:\/\/www.evearly.news\/fr\/wp-json\/wp\/v2\/posts\/242957","targetHints":{"allow":["GET"]}}],"collection":[{"href":"https:\/\/www.evearly.news\/fr\/wp-json\/wp\/v2\/posts"}],"about":[{"href":"https:\/\/www.evearly.news\/fr\/wp-json\/wp\/v2\/types\/post"}],"author":[{"embeddable":true,"href":"https:\/\/www.evearly.news\/fr\/wp-json\/wp\/v2\/users\/17"}],"replies":[{"embeddable":true,"href":"https:\/\/www.evearly.news\/fr\/wp-json\/wp\/v2\/comments?post=242957"}],"version-history":[{"count":0,"href":"https:\/\/www.evearly.news\/fr\/wp-json\/wp\/v2\/posts\/242957\/revisions"}],"wp:attachment":[{"href":"https:\/\/www.evearly.news\/fr\/wp-json\/wp\/v2\/media?parent=242957"}],"wp:term":[{"taxonomy":"category","embeddable":true,"href":"https:\/\/www.evearly.news\/fr\/wp-json\/wp\/v2\/categories?post=242957"},{"taxonomy":"post_tag","embeddable":true,"href":"https:\/\/www.evearly.news\/fr\/wp-json\/wp\/v2\/tags?post=242957"}],"curies":[{"name":"wp","href":"https:\/\/api.w.org\/{rel}","templated":true}]}}