{"id":2430,"date":"2019-09-08T12:00:00","date_gmt":"2019-09-08T10:00:00","guid":{"rendered":"https:\/\/insideevs.fr\/news\/369226\/tesla-model3-vegan-sans-cuir\/?utm_source=RSS&amp;utm_medium=referral&amp;utm_campaign=RSS-all-"},"modified":"2019-09-08T12:00:00","modified_gmt":"2019-09-08T10:00:00","slug":"la-tesla-model-3-est-desormais-entierement-vegan","status":"publish","type":"post","link":"https:\/\/www.evearly.news\/fr\/la-tesla-model-3-est-desormais-entierement-vegan\/","title":{"rendered":"La Tesla Model 3 est d\u00e9sormais enti\u00e8rement vegan"},"content":{"rendered":"\n<figure class=\"wp-block-image size-large\"><img decoding=\"async\" src=\"https:\/\/news.evearly.com\/wp-content\/uploads\/2019\/09\/interieur-tesla-model-3.jpg\" alt=\"\" class=\"wp-image-2464\" \/><\/figure>\n\n\n<p><strong>C&rsquo;\u00e9tait la seule de la gamme \u00e0 ne pas l&rsquo;\u00eatre !<\/strong><\/p>\n<p>C&rsquo;est au travers d&rsquo;une vid\u00e9o post\u00e9e dans un message sur Twitter que\u00a0Tesla\u00a0a confirm\u00e9 une bonne nouvelle pour les d\u00e9fenseurs des animaux : la\u00a0Model 3\u00a0rejoint le reste de la gamme au rang des voitures enti\u00e8rement\u00a0vegan. Contrairement \u00e0 la\u00a0Model S\u00a0et la\u00a0Model X, le volant de la &lsquo;petite&rsquo; Tesla \u00e9tait encore en cuir, ce qui n&rsquo;est d\u00e9sormais plus le cas. Contrairement \u00e0 ce qui&#8230;\u00a0<a href=\"https:\/\/insideevs.fr\/news\/369226\/tesla-model3-vegan-sans-cuir\/?utm_source=RSS&amp;utm_medium=referral&amp;utm_campaign=RSS-all-\" target=\"_blank\" rel=\"noopener noreferrer\">Lire la suite&#8230;<\/a><\/p>","protected":false},"excerpt":{"rendered":"<p> C&rsquo;\u00e9tait la seule de la gamme \u00e0 ne pas l&rsquo;\u00eatre !  <a class=\"continue-reading-link\" href=\"https:\/\/www.evearly.news\/fr\/la-tesla-model-3-est-desormais-entierement-vegan\/\"><\/a><\/p>\n","protected":false},"author":14,"featured_media":0,"comment_status":"closed","ping_status":"closed","sticky":false,"template":"","format":"standard","meta":{"footnotes":""},"categories":[15],"tags":[],"class_list":["post-2430","post","type-post","status-publish","format-standard","hentry","category-insideevs"],"_links":{"self":[{"href":"https:\/\/www.evearly.news\/fr\/wp-json\/wp\/v2\/posts\/2430","targetHints":{"allow":["GET"]}}],"collection":[{"href":"https:\/\/www.evearly.news\/fr\/wp-json\/wp\/v2\/posts"}],"about":[{"href":"https:\/\/www.evearly.news\/fr\/wp-json\/wp\/v2\/types\/post"}],"author":[{"embeddable":true,"href":"https:\/\/www.evearly.news\/fr\/wp-json\/wp\/v2\/users\/14"}],"replies":[{"embeddable":true,"href":"https:\/\/www.evearly.news\/fr\/wp-json\/wp\/v2\/comments?post=2430"}],"version-history":[{"count":0,"href":"https:\/\/www.evearly.news\/fr\/wp-json\/wp\/v2\/posts\/2430\/revisions"}],"wp:attachment":[{"href":"https:\/\/www.evearly.news\/fr\/wp-json\/wp\/v2\/media?parent=2430"}],"wp:term":[{"taxonomy":"category","embeddable":true,"href":"https:\/\/www.evearly.news\/fr\/wp-json\/wp\/v2\/categories?post=2430"},{"taxonomy":"post_tag","embeddable":true,"href":"https:\/\/www.evearly.news\/fr\/wp-json\/wp\/v2\/tags?post=2430"}],"curies":[{"name":"wp","href":"https:\/\/api.w.org\/{rel}","templated":true}]}}