{"id":245629,"date":"2023-06-29T18:34:51","date_gmt":"2023-06-29T16:34:51","guid":{"rendered":"https:\/\/news.evearly.com\/delta-2028-la-compacte-electrique-premium-soeur-des-308-et-ds4-portera-a-bout-de-bras-le-destin-de-lancia\/"},"modified":"2023-08-17T04:32:20","modified_gmt":"2023-08-17T04:32:20","slug":"delta-2028-la-compacte-electrique-premium-soeur-des-308-et-ds4-portera-a-bout-de-bras-le-destin-de-lancia","status":"publish","type":"post","link":"https:\/\/www.evearly.news\/fr\/delta-2028-la-compacte-electrique-premium-soeur-des-308-et-ds4-portera-a-bout-de-bras-le-destin-de-lancia\/","title":{"rendered":"Delta (2028), la compacte \u00e9lectrique premium s\u0153ur des 308 et DS4 portera \u00e0 bout de bras le destin de Lancia"},"content":{"rendered":"<div class=\"media_block\"><img decoding=\"async\" src=\"https:\/\/news.evearly.com\/wp-content\/uploads\/2023\/06\/delta-2028-la-compacte-electrique-premium-soeur-des-308-et-ds4-portera-a-bout-de-bras-le-destin-de-lancia.jpg\"><\/div>\n<p>Apr\u00e8s l\u2019Ypsilon en 2024, puis le SUV Gamma en 2026, ce sera au tour de la compacte Delta de finaliser la gamme en 2028. <a href=\"https:\/\/www.automobile-magazine.fr\/scoops\/article\/39280-delta-2028-la-compacte-electrique-premium-soeur-des-308-et-ds4-portera-a-bout-de-bras-le-destin-de-lancia\" target='bwindow' rel=\"noopener\">Lire la suite&#8230;<\/a><\/p>\n","protected":false},"excerpt":{"rendered":"<div class=\"media_block\"><img decoding=\"async\" src=\"https:\/\/news.evearly.com\/wp-content\/uploads\/2023\/06\/delta-2028-la-compacte-electrique-premium-soeur-des-308-et-ds4-portera-a-bout-de-bras-le-destin-de-lancia.jpg\"><\/div>\n<p> <a class=\"continue-reading-link\" href=\"https:\/\/www.evearly.news\/fr\/delta-2028-la-compacte-electrique-premium-soeur-des-308-et-ds4-portera-a-bout-de-bras-le-destin-de-lancia\/\"><\/a><\/p>\n","protected":false},"author":7,"featured_media":0,"comment_status":"closed","ping_status":"closed","sticky":false,"template":"","format":"standard","meta":{"footnotes":""},"categories":[7],"tags":[],"class_list":["post-245629","post","type-post","status-publish","format-standard","hentry","category-automobile-magazine"],"_links":{"self":[{"href":"https:\/\/www.evearly.news\/fr\/wp-json\/wp\/v2\/posts\/245629","targetHints":{"allow":["GET"]}}],"collection":[{"href":"https:\/\/www.evearly.news\/fr\/wp-json\/wp\/v2\/posts"}],"about":[{"href":"https:\/\/www.evearly.news\/fr\/wp-json\/wp\/v2\/types\/post"}],"author":[{"embeddable":true,"href":"https:\/\/www.evearly.news\/fr\/wp-json\/wp\/v2\/users\/7"}],"replies":[{"embeddable":true,"href":"https:\/\/www.evearly.news\/fr\/wp-json\/wp\/v2\/comments?post=245629"}],"version-history":[{"count":1,"href":"https:\/\/www.evearly.news\/fr\/wp-json\/wp\/v2\/posts\/245629\/revisions"}],"predecessor-version":[{"id":252890,"href":"https:\/\/www.evearly.news\/fr\/wp-json\/wp\/v2\/posts\/245629\/revisions\/252890"}],"wp:attachment":[{"href":"https:\/\/www.evearly.news\/fr\/wp-json\/wp\/v2\/media?parent=245629"}],"wp:term":[{"taxonomy":"category","embeddable":true,"href":"https:\/\/www.evearly.news\/fr\/wp-json\/wp\/v2\/categories?post=245629"},{"taxonomy":"post_tag","embeddable":true,"href":"https:\/\/www.evearly.news\/fr\/wp-json\/wp\/v2\/tags?post=245629"}],"curies":[{"name":"wp","href":"https:\/\/api.w.org\/{rel}","templated":true}]}}