{"id":246059,"date":"2023-07-04T13:00:00","date_gmt":"2023-07-04T13:00:00","guid":{"rendered":"https:\/\/news.evearly.com\/?p=246059"},"modified":"2023-08-18T14:38:17","modified_gmt":"2023-08-18T14:38:17","slug":"la-tesla-model-y-est-la-familiale-preferee-des-francais","status":"publish","type":"post","link":"https:\/\/www.evearly.news\/fr\/la-tesla-model-y-est-la-familiale-preferee-des-francais\/","title":{"rendered":"La Tesla Model Y est la familiale pr\u00e9f\u00e9r\u00e9e des Fran\u00e7ais"},"content":{"rendered":"<p><img decoding=\"async\" src=\"https:\/\/news.evearly.com\/wp-content\/uploads\/2023\/07\/la-tesla-model-y-est-la-familiale-preferee-des-francais.jpg\" \/> Mod\u00e8le le plus vendu au monde depuis le d\u00e9but de l&rsquo;ann\u00e9e, le SUV \u00e9lectrique am\u00e9ricain devance chez nous tous des \u00ab\u00a0poids lourds\u00a0\u00bb tel que les Dacia Duster autres Peugeot 3008 ! <a href=\"https:\/\/www.caradisiac.com\/la-tesla-model-y-est-la-familiale-preferee-des-francais-203215.htm#xtor=RSS-40\" target=\"blank\" rel=\"noopener\">Lire la suite&#8230;<\/a><\/p>\n","protected":false},"excerpt":{"rendered":"<p><img decoding=\"async\" src=\"https:\/\/news.evearly.com\/wp-content\/uploads\/2023\/07\/la-tesla-model-y-est-la-familiale-preferee-des-francais.jpg\" \/><br \/>\n\t\t\t\t\tMod\u00e8le le plus vendu au monde depuis le d\u00e9but de l&rsquo;ann\u00e9e, le SUV \u00e9lectrique am\u00e9ricain devance chez nous tous des \u00ab\u00a0poids lourds\u00a0\u00bb tel que les Dacia Duster autres Peugeot 3008 !<\/p>\n<p> <a class=\"continue-reading-link\" href=\"https:\/\/www.evearly.news\/fr\/la-tesla-model-y-est-la-familiale-preferee-des-francais\/\"><\/a><\/p>\n","protected":false},"author":11,"featured_media":0,"comment_status":"closed","ping_status":"closed","sticky":false,"template":"","format":"standard","meta":{"footnotes":""},"categories":[11],"tags":[],"class_list":["post-246059","post","type-post","status-publish","format-standard","hentry","category-caradisiac"],"_links":{"self":[{"href":"https:\/\/www.evearly.news\/fr\/wp-json\/wp\/v2\/posts\/246059","targetHints":{"allow":["GET"]}}],"collection":[{"href":"https:\/\/www.evearly.news\/fr\/wp-json\/wp\/v2\/posts"}],"about":[{"href":"https:\/\/www.evearly.news\/fr\/wp-json\/wp\/v2\/types\/post"}],"author":[{"embeddable":true,"href":"https:\/\/www.evearly.news\/fr\/wp-json\/wp\/v2\/users\/11"}],"replies":[{"embeddable":true,"href":"https:\/\/www.evearly.news\/fr\/wp-json\/wp\/v2\/comments?post=246059"}],"version-history":[{"count":1,"href":"https:\/\/www.evearly.news\/fr\/wp-json\/wp\/v2\/posts\/246059\/revisions"}],"predecessor-version":[{"id":257610,"href":"https:\/\/www.evearly.news\/fr\/wp-json\/wp\/v2\/posts\/246059\/revisions\/257610"}],"wp:attachment":[{"href":"https:\/\/www.evearly.news\/fr\/wp-json\/wp\/v2\/media?parent=246059"}],"wp:term":[{"taxonomy":"category","embeddable":true,"href":"https:\/\/www.evearly.news\/fr\/wp-json\/wp\/v2\/categories?post=246059"},{"taxonomy":"post_tag","embeddable":true,"href":"https:\/\/www.evearly.news\/fr\/wp-json\/wp\/v2\/tags?post=246059"}],"curies":[{"name":"wp","href":"https:\/\/api.w.org\/{rel}","templated":true}]}}