{"id":246075,"date":"2023-07-04T13:30:50","date_gmt":"2023-07-04T11:30:50","guid":{"rendered":"https:\/\/news.evearly.com\/un-prototype-de-bmw-i5-touring-a-ete-apercu-avec-une-face-avant-non-dissimulee\/"},"modified":"2023-12-06T11:22:20","modified_gmt":"2023-12-06T10:22:20","slug":"un-prototype-de-bmw-i5-touring-a-ete-apercu-avec-une-face-avant-non-dissimulee","status":"publish","type":"post","link":"https:\/\/www.evearly.news\/fr\/un-prototype-de-bmw-i5-touring-a-ete-apercu-avec-une-face-avant-non-dissimulee\/","title":{"rendered":"Un prototype de BMW i5 Touring a \u00e9t\u00e9 aper\u00e7u avec une face avant non dissimul\u00e9e"},"content":{"rendered":"<div class=\"media_block\"><img decoding=\"async\" src=\"https:\/\/news.evearly.com\/wp-content\/uploads\/2023\/07\/un-prototype-de-bmw-i5-touring-a-ete-apercu-avec-une-face-avant-non-dissimulee.jpg\"><\/div>\n<p>Le nouveau venu va affronter la Porsche Taycan Sport Turismo et l&rsquo;Audi e-tron Avant \u00e0 partir de 2024.<a href=\"https:\/\/insideevs.fr\/news\/674917\/bmw-i5-touring-photos-espion\/\" target=\"blank\" rel=\"noopener\"> Lire la suite&#8230;<\/a><\/p>\n","protected":false},"excerpt":{"rendered":"<div class=\"media_block\"><img decoding=\"async\" src=\"https:\/\/news.evearly.com\/wp-content\/uploads\/2023\/07\/un-prototype-de-bmw-i5-touring-a-ete-apercu-avec-une-face-avant-non-dissimulee.jpg\"><\/div>\n<p>Le nouveau venu va affronter la Porsche Taycan Sport Turismo et l&rsquo;Audi e-tron Avant \u00e0 partir de 2024. <a class=\"continue-reading-link\" href=\"https:\/\/www.evearly.news\/fr\/un-prototype-de-bmw-i5-touring-a-ete-apercu-avec-une-face-avant-non-dissimulee\/\"><\/a><\/p>\n","protected":false},"author":14,"featured_media":246076,"comment_status":"closed","ping_status":"closed","sticky":false,"template":"","format":"standard","meta":{"footnotes":""},"categories":[15],"tags":[],"class_list":["post-246075","post","type-post","status-publish","format-standard","has-post-thumbnail","hentry","category-insideevs"],"_links":{"self":[{"href":"https:\/\/www.evearly.news\/fr\/wp-json\/wp\/v2\/posts\/246075","targetHints":{"allow":["GET"]}}],"collection":[{"href":"https:\/\/www.evearly.news\/fr\/wp-json\/wp\/v2\/posts"}],"about":[{"href":"https:\/\/www.evearly.news\/fr\/wp-json\/wp\/v2\/types\/post"}],"author":[{"embeddable":true,"href":"https:\/\/www.evearly.news\/fr\/wp-json\/wp\/v2\/users\/14"}],"replies":[{"embeddable":true,"href":"https:\/\/www.evearly.news\/fr\/wp-json\/wp\/v2\/comments?post=246075"}],"version-history":[{"count":1,"href":"https:\/\/www.evearly.news\/fr\/wp-json\/wp\/v2\/posts\/246075\/revisions"}],"predecessor-version":[{"id":269996,"href":"https:\/\/www.evearly.news\/fr\/wp-json\/wp\/v2\/posts\/246075\/revisions\/269996"}],"wp:featuredmedia":[{"embeddable":true,"href":"https:\/\/www.evearly.news\/fr\/wp-json\/"}],"wp:attachment":[{"href":"https:\/\/www.evearly.news\/fr\/wp-json\/wp\/v2\/media?parent=246075"}],"wp:term":[{"taxonomy":"category","embeddable":true,"href":"https:\/\/www.evearly.news\/fr\/wp-json\/wp\/v2\/categories?post=246075"},{"taxonomy":"post_tag","embeddable":true,"href":"https:\/\/www.evearly.news\/fr\/wp-json\/wp\/v2\/tags?post=246075"}],"curies":[{"name":"wp","href":"https:\/\/api.w.org\/{rel}","templated":true}]}}