{"id":246126,"date":"2023-07-04T18:01:38","date_gmt":"2023-07-04T16:01:38","guid":{"rendered":"https:\/\/news.evearly.com\/une-nouvelle-citroen-ami-non-la-fiat-topolino-stylee-pratique-et-sans-permis\/"},"modified":"2023-12-06T10:46:53","modified_gmt":"2023-12-06T09:46:53","slug":"une-nouvelle-citroen-ami-non-la-fiat-topolino-stylee-pratique-et-sans-permis","status":"publish","type":"post","link":"https:\/\/www.evearly.news\/fr\/une-nouvelle-citroen-ami-non-la-fiat-topolino-stylee-pratique-et-sans-permis\/","title":{"rendered":"Une nouvelle Citro\u00ebn Ami ? Non, la Fiat Topolino styl\u00e9e, pratique et sans permis"},"content":{"rendered":"<p><img decoding=\"async\" width=\"1200\" height=\"800\" src=\"https:\/\/news.evearly.com\/wp-content\/uploads\/2023\/07\/une-nouvelle-citroen-ami-non-la-fiat-topolino-stylee-pratique-et-sans-permis.jpg\" class=\"attachment-large size-large wp-post-image\" alt=\"\" loading=\"lazy\" \/><br \/>Trois ans apr\u00e8s son lancement, la Citro\u00ebn Ami s&rsquo;offre un voyage en Italie et se transforme en une adorable Fiat Topolino. La citadine \u00e9lectrique d\u00e9voile toutes ses caract\u00e9ristiques techniques, sans surprise identiques \u00e0 celles de la petite Fran\u00e7aise. <a href=\"https:\/\/www.frandroid.com\/marques\/fiat\/1733607_une-nouvelle-citroen-ami-non-la-fiat-topolino-stylee-pratique-et-sans-permis\" target=\"blank\" rel=\"noopener\">Lire la suite&#8230;<\/a><\/p>\n","protected":false},"excerpt":{"rendered":"<p><img decoding=\"async\" width=\"1200\" height=\"800\" src=\"https:\/\/news.evearly.com\/wp-content\/uploads\/2023\/07\/une-nouvelle-citroen-ami-non-la-fiat-topolino-stylee-pratique-et-sans-permis.jpg\" class=\"attachment-large size-large wp-post-image\" alt=\"\" loading=\"lazy\" \/><br \/>Trois ans apr\u00e8s son lancement, la Citro\u00ebn Ami s&rsquo;offre un voyage en Italie et se transforme en une adorable Fiat Topolino. La citadine \u00e9lectrique d\u00e9voile toutes ses caract\u00e9ristiques techniques, sans surprise identiques \u00e0 celles de la petite Fran\u00e7aise. <\/p>\n<p> <a class=\"continue-reading-link\" href=\"https:\/\/www.evearly.news\/fr\/une-nouvelle-citroen-ami-non-la-fiat-topolino-stylee-pratique-et-sans-permis\/\"><\/a><\/p>\n","protected":false},"author":6,"featured_media":246127,"comment_status":"closed","ping_status":"closed","sticky":false,"template":"","format":"standard","meta":{"footnotes":""},"categories":[14],"tags":[],"class_list":["post-246126","post","type-post","status-publish","format-standard","has-post-thumbnail","hentry","category-frandroid"],"_links":{"self":[{"href":"https:\/\/www.evearly.news\/fr\/wp-json\/wp\/v2\/posts\/246126","targetHints":{"allow":["GET"]}}],"collection":[{"href":"https:\/\/www.evearly.news\/fr\/wp-json\/wp\/v2\/posts"}],"about":[{"href":"https:\/\/www.evearly.news\/fr\/wp-json\/wp\/v2\/types\/post"}],"author":[{"embeddable":true,"href":"https:\/\/www.evearly.news\/fr\/wp-json\/wp\/v2\/users\/6"}],"replies":[{"embeddable":true,"href":"https:\/\/www.evearly.news\/fr\/wp-json\/wp\/v2\/comments?post=246126"}],"version-history":[{"count":1,"href":"https:\/\/www.evearly.news\/fr\/wp-json\/wp\/v2\/posts\/246126\/revisions"}],"predecessor-version":[{"id":269393,"href":"https:\/\/www.evearly.news\/fr\/wp-json\/wp\/v2\/posts\/246126\/revisions\/269393"}],"wp:featuredmedia":[{"embeddable":true,"href":"https:\/\/www.evearly.news\/fr\/wp-json\/"}],"wp:attachment":[{"href":"https:\/\/www.evearly.news\/fr\/wp-json\/wp\/v2\/media?parent=246126"}],"wp:term":[{"taxonomy":"category","embeddable":true,"href":"https:\/\/www.evearly.news\/fr\/wp-json\/wp\/v2\/categories?post=246126"},{"taxonomy":"post_tag","embeddable":true,"href":"https:\/\/www.evearly.news\/fr\/wp-json\/wp\/v2\/tags?post=246126"}],"curies":[{"name":"wp","href":"https:\/\/api.w.org\/{rel}","templated":true}]}}