{"id":246130,"date":"2023-07-04T12:41:59","date_gmt":"2023-07-04T10:41:59","guid":{"rendered":"https:\/\/news.evearly.com\/tesla-pourquoi-cette-nouvelle-couleur-gratuite-ne-devrait-pas-letre-en-europe\/"},"modified":"2023-12-06T10:46:56","modified_gmt":"2023-12-06T09:46:56","slug":"tesla-pourquoi-cette-nouvelle-couleur-gratuite-ne-devrait-pas-letre-en-europe","status":"publish","type":"post","link":"https:\/\/www.evearly.news\/fr\/tesla-pourquoi-cette-nouvelle-couleur-gratuite-ne-devrait-pas-letre-en-europe\/","title":{"rendered":"Tesla : pourquoi cette nouvelle couleur gratuite ne devrait pas l\u2019\u00eatre en Europe"},"content":{"rendered":"<p><img decoding=\"async\" width=\"1200\" height=\"900\" src=\"https:\/\/news.evearly.com\/wp-content\/uploads\/2023\/07\/tesla-pourquoi-cette-nouvelle-couleur-gratuite-ne-devrait-pas-letre-en-europe.jpg\" class=\"attachment-large size-large wp-post-image\" alt=\"\" loading=\"lazy\" \/><br \/>Tesla fait \u00e9voluer son catalogue et change la couleur de s\u00e9rie de ses Model 3 et Model Y aux Etats-Unis. D\u00e9sormais, la berline et le SUV sont habill\u00e9s de gris fonc\u00e9s, tandis que toutes les autres teintes sont payantes. De quoi r\u00e9duire drastiquement le nombre de Tesla blanches et noires sur les routes. <a href=\"https:\/\/www.frandroid.com\/marques\/tesla\/1735173_tesla-pourquoi-cette-nouvelle-couleur-gratuite-ne-devrait-pas-letre-en-europe\" target=\"blank\" rel=\"noopener\">Lire la suite&#8230;<\/a><\/p>\n","protected":false},"excerpt":{"rendered":"<p><img decoding=\"async\" width=\"1200\" height=\"900\" src=\"https:\/\/news.evearly.com\/wp-content\/uploads\/2023\/07\/tesla-pourquoi-cette-nouvelle-couleur-gratuite-ne-devrait-pas-letre-en-europe.jpg\" class=\"attachment-large size-large wp-post-image\" alt=\"\" loading=\"lazy\" \/><br \/>Tesla fait \u00e9voluer son catalogue et change la couleur de s\u00e9rie de ses Model 3 et Model Y aux Etats-Unis. D\u00e9sormais, la berline et le SUV sont habill\u00e9s de gris fonc\u00e9s, tandis que toutes les autres teintes sont payantes. De quoi r\u00e9duire drastiquement le nombre de Tesla blanches et noires sur les routes.<\/p>\n<p> <a class=\"continue-reading-link\" href=\"https:\/\/www.evearly.news\/fr\/tesla-pourquoi-cette-nouvelle-couleur-gratuite-ne-devrait-pas-letre-en-europe\/\"><\/a><\/p>\n","protected":false},"author":6,"featured_media":246131,"comment_status":"closed","ping_status":"closed","sticky":false,"template":"","format":"standard","meta":{"footnotes":""},"categories":[14],"tags":[],"class_list":["post-246130","post","type-post","status-publish","format-standard","has-post-thumbnail","hentry","category-frandroid"],"_links":{"self":[{"href":"https:\/\/www.evearly.news\/fr\/wp-json\/wp\/v2\/posts\/246130","targetHints":{"allow":["GET"]}}],"collection":[{"href":"https:\/\/www.evearly.news\/fr\/wp-json\/wp\/v2\/posts"}],"about":[{"href":"https:\/\/www.evearly.news\/fr\/wp-json\/wp\/v2\/types\/post"}],"author":[{"embeddable":true,"href":"https:\/\/www.evearly.news\/fr\/wp-json\/wp\/v2\/users\/6"}],"replies":[{"embeddable":true,"href":"https:\/\/www.evearly.news\/fr\/wp-json\/wp\/v2\/comments?post=246130"}],"version-history":[{"count":1,"href":"https:\/\/www.evearly.news\/fr\/wp-json\/wp\/v2\/posts\/246130\/revisions"}],"predecessor-version":[{"id":269395,"href":"https:\/\/www.evearly.news\/fr\/wp-json\/wp\/v2\/posts\/246130\/revisions\/269395"}],"wp:featuredmedia":[{"embeddable":true,"href":"https:\/\/www.evearly.news\/fr\/wp-json\/"}],"wp:attachment":[{"href":"https:\/\/www.evearly.news\/fr\/wp-json\/wp\/v2\/media?parent=246130"}],"wp:term":[{"taxonomy":"category","embeddable":true,"href":"https:\/\/www.evearly.news\/fr\/wp-json\/wp\/v2\/categories?post=246130"},{"taxonomy":"post_tag","embeddable":true,"href":"https:\/\/www.evearly.news\/fr\/wp-json\/wp\/v2\/tags?post=246130"}],"curies":[{"name":"wp","href":"https:\/\/api.w.org\/{rel}","templated":true}]}}