{"id":246178,"date":"2023-07-05T10:32:05","date_gmt":"2023-07-05T08:32:05","guid":{"rendered":"https:\/\/news.evearly.com\/mg4-x-power-435-ch-pour-prix-a-nouveau-tres-agressif\/"},"modified":"2023-08-17T04:32:06","modified_gmt":"2023-08-17T04:32:06","slug":"mg4-x-power-435-ch-pour-prix-a-nouveau-tres-agressif","status":"publish","type":"post","link":"https:\/\/www.evearly.news\/fr\/mg4-x-power-435-ch-pour-prix-a-nouveau-tres-agressif\/","title":{"rendered":"MG4 X Power : 435 ch pour prix \u00e0 nouveau tr\u00e8s agressif ?"},"content":{"rendered":"<div class=\"media_block\"><img decoding=\"async\" src=\"https:\/\/news.evearly.com\/wp-content\/uploads\/2023\/07\/mg4-x-power-435-ch-pour-prix-a-nouveau-tres-agressif.jpg\"><\/div>\n<p>MG annonce l&rsquo;arriv\u00e9e de la version X-Power sur la MG4. Le tarif n&rsquo;est pas encore connu, mais ce pourrait \u00eatre l&rsquo;\u00e9lectrique \u00ab\u00a0puissante\u00a0\u00bb la moins ch\u00e8re de France. <a href=\"https:\/\/www.automobile-magazine.fr\/voitures-electriques\/article\/39344-mg4-x-power-435-ch-pour-prix-a-nouveau-tres-agressif\" target='bwindow' rel=\"noopener\">Lire la suite&#8230;<\/a><\/p>\n","protected":false},"excerpt":{"rendered":"<div class=\"media_block\"><img decoding=\"async\" src=\"https:\/\/news.evearly.com\/wp-content\/uploads\/2023\/07\/mg4-x-power-435-ch-pour-prix-a-nouveau-tres-agressif.jpg\"><\/div>\n<p> <a class=\"continue-reading-link\" href=\"https:\/\/www.evearly.news\/fr\/mg4-x-power-435-ch-pour-prix-a-nouveau-tres-agressif\/\"><\/a><\/p>\n","protected":false},"author":7,"featured_media":0,"comment_status":"closed","ping_status":"closed","sticky":false,"template":"","format":"standard","meta":{"footnotes":""},"categories":[7],"tags":[],"class_list":["post-246178","post","type-post","status-publish","format-standard","hentry","category-automobile-magazine"],"_links":{"self":[{"href":"https:\/\/www.evearly.news\/fr\/wp-json\/wp\/v2\/posts\/246178","targetHints":{"allow":["GET"]}}],"collection":[{"href":"https:\/\/www.evearly.news\/fr\/wp-json\/wp\/v2\/posts"}],"about":[{"href":"https:\/\/www.evearly.news\/fr\/wp-json\/wp\/v2\/types\/post"}],"author":[{"embeddable":true,"href":"https:\/\/www.evearly.news\/fr\/wp-json\/wp\/v2\/users\/7"}],"replies":[{"embeddable":true,"href":"https:\/\/www.evearly.news\/fr\/wp-json\/wp\/v2\/comments?post=246178"}],"version-history":[{"count":1,"href":"https:\/\/www.evearly.news\/fr\/wp-json\/wp\/v2\/posts\/246178\/revisions"}],"predecessor-version":[{"id":252879,"href":"https:\/\/www.evearly.news\/fr\/wp-json\/wp\/v2\/posts\/246178\/revisions\/252879"}],"wp:attachment":[{"href":"https:\/\/www.evearly.news\/fr\/wp-json\/wp\/v2\/media?parent=246178"}],"wp:term":[{"taxonomy":"category","embeddable":true,"href":"https:\/\/www.evearly.news\/fr\/wp-json\/wp\/v2\/categories?post=246178"},{"taxonomy":"post_tag","embeddable":true,"href":"https:\/\/www.evearly.news\/fr\/wp-json\/wp\/v2\/tags?post=246178"}],"curies":[{"name":"wp","href":"https:\/\/api.w.org\/{rel}","templated":true}]}}