{"id":246192,"date":"2023-07-05T10:20:00","date_gmt":"2023-07-05T10:20:00","guid":{"rendered":"https:\/\/news.evearly.com\/une-electrique-dacia-sans-permis-la-voiture-urbaine-parfaite\/"},"modified":"2023-08-18T14:37:32","modified_gmt":"2023-08-18T14:37:32","slug":"une-electrique-dacia-sans-permis-la-voiture-urbaine-parfaite","status":"publish","type":"post","link":"https:\/\/www.evearly.news\/fr\/une-electrique-dacia-sans-permis-la-voiture-urbaine-parfaite\/","title":{"rendered":"Une \u00e9lectrique Dacia sans permis, la voiture urbaine parfaite ?"},"content":{"rendered":"<p><img decoding=\"async\" src=\"https:\/\/news.evearly.com\/wp-content\/uploads\/2023\/07\/une-electrique-dacia-sans-permis-la-voiture-urbaine-parfaite.jpg\" \/> Le succ\u00e8s de la Citro\u00ebn Ami va-t-il pousser Dacia \u00e0 proposer son propre quadricycle \u00e9lectrique ? La marque roumaine y pense, mais elle veut que ces v\u00e9hicules soient aid\u00e9s par les gouvernements. <a href=\"https:\/\/www.caradisiac.com\/une-electrique-dacia-sans-permis-la-voiture-urbaine-parfaite-203173.htm#xtor=RSS-40\" target=\"blank\" rel=\"noopener\">Lire la suite&#8230;<\/a><\/p>\n","protected":false},"excerpt":{"rendered":"<p><img decoding=\"async\" src=\"https:\/\/news.evearly.com\/wp-content\/uploads\/2023\/07\/une-electrique-dacia-sans-permis-la-voiture-urbaine-parfaite.jpg\" \/><br \/>\n\t\t\t\t\tLe succ\u00e8s de la Citro\u00ebn Ami va-t-il pousser Dacia \u00e0 proposer son propre quadricycle \u00e9lectrique ? La marque roumaine y pense, mais elle veut que ces v\u00e9hicules soient aid\u00e9s par les gouvernements.<\/p>\n<p> <a class=\"continue-reading-link\" href=\"https:\/\/www.evearly.news\/fr\/une-electrique-dacia-sans-permis-la-voiture-urbaine-parfaite\/\"><\/a><\/p>\n","protected":false},"author":11,"featured_media":0,"comment_status":"closed","ping_status":"closed","sticky":false,"template":"","format":"standard","meta":{"footnotes":""},"categories":[11],"tags":[],"class_list":["post-246192","post","type-post","status-publish","format-standard","hentry","category-caradisiac"],"_links":{"self":[{"href":"https:\/\/www.evearly.news\/fr\/wp-json\/wp\/v2\/posts\/246192","targetHints":{"allow":["GET"]}}],"collection":[{"href":"https:\/\/www.evearly.news\/fr\/wp-json\/wp\/v2\/posts"}],"about":[{"href":"https:\/\/www.evearly.news\/fr\/wp-json\/wp\/v2\/types\/post"}],"author":[{"embeddable":true,"href":"https:\/\/www.evearly.news\/fr\/wp-json\/wp\/v2\/users\/11"}],"replies":[{"embeddable":true,"href":"https:\/\/www.evearly.news\/fr\/wp-json\/wp\/v2\/comments?post=246192"}],"version-history":[{"count":1,"href":"https:\/\/www.evearly.news\/fr\/wp-json\/wp\/v2\/posts\/246192\/revisions"}],"predecessor-version":[{"id":257606,"href":"https:\/\/www.evearly.news\/fr\/wp-json\/wp\/v2\/posts\/246192\/revisions\/257606"}],"wp:attachment":[{"href":"https:\/\/www.evearly.news\/fr\/wp-json\/wp\/v2\/media?parent=246192"}],"wp:term":[{"taxonomy":"category","embeddable":true,"href":"https:\/\/www.evearly.news\/fr\/wp-json\/wp\/v2\/categories?post=246192"},{"taxonomy":"post_tag","embeddable":true,"href":"https:\/\/www.evearly.news\/fr\/wp-json\/wp\/v2\/tags?post=246192"}],"curies":[{"name":"wp","href":"https:\/\/api.w.org\/{rel}","templated":true}]}}