{"id":246238,"date":"2023-07-05T14:18:34","date_gmt":"2023-07-05T14:18:34","guid":{"rendered":"https:\/\/news.evearly.com\/stellantis-na-pas-lintention-de-produire-la-208-electrique-en-france\/"},"modified":"2023-08-28T12:01:50","modified_gmt":"2023-08-28T12:01:50","slug":"stellantis-na-pas-lintention-de-produire-la-208-electrique-en-france","status":"publish","type":"post","link":"https:\/\/www.evearly.news\/fr\/stellantis-na-pas-lintention-de-produire-la-208-electrique-en-france\/","title":{"rendered":"Stellantis n\u2019a pas l\u2019intention de produire la 208 \u00e9lectrique en France"},"content":{"rendered":"<p><img decoding=\"async\" width=\"500\" height=\"333\" src=\"https:\/\/news.evearly.com\/wp-content\/uploads\/2023\/07\/stellantis-na-pas-lintention-de-produire-la-208-electrique-en-france.jpg\" class=\"attachment-186x124 size-186x124 wp-post-image\" alt=\"\" loading=\"lazy\" \/><br \/>\nMalgr\u00e9 les demandes r\u00e9p\u00e9t\u00e9es du gouvernement, Stellantis ne veut pas produire chez nous l&rsquo;e-208, estimant que ce ne serait pas\u2026 <a href=\"https:\/\/www.automobile-propre.com\/stellantis-na-pas-lintention-de-produire-la-208-electrique-en-france\/\" target='bwindow' rel=\"noopener\">Lire la suite&#8230;<\/a><\/p>\n","protected":false},"excerpt":{"rendered":"<p>Malgr\u00e9 les demandes r\u00e9p\u00e9t\u00e9es du gouvernement, Stellantis ne veut pas produire chez nous l&rsquo;e-208, estimant que ce ne serait pas\u2026<\/p>\n<p> Lire la suite&#8230;&#8230; <a class=\"continue-reading-link\" href=\"https:\/\/www.evearly.news\/fr\/stellantis-na-pas-lintention-de-produire-la-208-electrique-en-france\/\"><\/a><\/p>\n","protected":false},"author":8,"featured_media":0,"comment_status":"closed","ping_status":"closed","sticky":false,"template":"","format":"standard","meta":{"footnotes":""},"categories":[8],"tags":[],"class_list":["post-246238","post","type-post","status-publish","format-standard","hentry","category-automobile-propre"],"_links":{"self":[{"href":"https:\/\/www.evearly.news\/fr\/wp-json\/wp\/v2\/posts\/246238","targetHints":{"allow":["GET"]}}],"collection":[{"href":"https:\/\/www.evearly.news\/fr\/wp-json\/wp\/v2\/posts"}],"about":[{"href":"https:\/\/www.evearly.news\/fr\/wp-json\/wp\/v2\/types\/post"}],"author":[{"embeddable":true,"href":"https:\/\/www.evearly.news\/fr\/wp-json\/wp\/v2\/users\/8"}],"replies":[{"embeddable":true,"href":"https:\/\/www.evearly.news\/fr\/wp-json\/wp\/v2\/comments?post=246238"}],"version-history":[{"count":1,"href":"https:\/\/www.evearly.news\/fr\/wp-json\/wp\/v2\/posts\/246238\/revisions"}],"predecessor-version":[{"id":254714,"href":"https:\/\/www.evearly.news\/fr\/wp-json\/wp\/v2\/posts\/246238\/revisions\/254714"}],"wp:attachment":[{"href":"https:\/\/www.evearly.news\/fr\/wp-json\/wp\/v2\/media?parent=246238"}],"wp:term":[{"taxonomy":"category","embeddable":true,"href":"https:\/\/www.evearly.news\/fr\/wp-json\/wp\/v2\/categories?post=246238"},{"taxonomy":"post_tag","embeddable":true,"href":"https:\/\/www.evearly.news\/fr\/wp-json\/wp\/v2\/tags?post=246238"}],"curies":[{"name":"wp","href":"https:\/\/api.w.org\/{rel}","templated":true}]}}