{"id":246246,"date":"2023-07-05T14:00:00","date_gmt":"2023-07-05T12:00:00","guid":{"rendered":"https:\/\/news.evearly.com\/mole-urbana-work-le-quadricycle-electrique-ideal-pour-les-professionnels\/"},"modified":"2023-08-17T04:32:04","modified_gmt":"2023-08-17T04:32:04","slug":"mole-urbana-work-le-quadricycle-electrique-ideal-pour-les-professionnels","status":"publish","type":"post","link":"https:\/\/www.evearly.news\/fr\/mole-urbana-work-le-quadricycle-electrique-ideal-pour-les-professionnels\/","title":{"rendered":"Mole Urbana Work : le quadricycle \u00e9lectrique id\u00e9al pour les professionnels ?"},"content":{"rendered":"<div class=\"media_block\"><img decoding=\"async\" src=\"https:\/\/news.evearly.com\/wp-content\/uploads\/2023\/07\/mole-urbana-work-le-quadricycle-electrique-ideal-pour-les-professionnels.jpg\"><\/div>\n<p>La mobilit\u00e9 en centre-ville change, et l&rsquo;heure du tout voiture semble r\u00e9volue. Ces derni\u00e8res ann\u00e9es, nous avons vu arriver dans le paysage urbain de nouvelles solutions de mobilit\u00e9, parfois \u00e9tonnantes, souvent convaincantes. <a href=\"https:\/\/www.automobile-magazine.fr\/utilitaires\/article\/39347-mole-urbana-work-le-quadricycle-electrique-ideal-pour-les-professionnels\" target='bwindow' rel=\"noopener\">Lire la suite&#8230;<\/a><\/p>\n","protected":false},"excerpt":{"rendered":"<div class=\"media_block\"><img decoding=\"async\" src=\"https:\/\/news.evearly.com\/wp-content\/uploads\/2023\/07\/mole-urbana-work-le-quadricycle-electrique-ideal-pour-les-professionnels.jpg\"><\/div>\n<p> <a class=\"continue-reading-link\" href=\"https:\/\/www.evearly.news\/fr\/mole-urbana-work-le-quadricycle-electrique-ideal-pour-les-professionnels\/\"><\/a><\/p>\n","protected":false},"author":7,"featured_media":0,"comment_status":"closed","ping_status":"closed","sticky":false,"template":"","format":"standard","meta":{"footnotes":""},"categories":[7],"tags":[],"class_list":["post-246246","post","type-post","status-publish","format-standard","hentry","category-automobile-magazine"],"_links":{"self":[{"href":"https:\/\/www.evearly.news\/fr\/wp-json\/wp\/v2\/posts\/246246","targetHints":{"allow":["GET"]}}],"collection":[{"href":"https:\/\/www.evearly.news\/fr\/wp-json\/wp\/v2\/posts"}],"about":[{"href":"https:\/\/www.evearly.news\/fr\/wp-json\/wp\/v2\/types\/post"}],"author":[{"embeddable":true,"href":"https:\/\/www.evearly.news\/fr\/wp-json\/wp\/v2\/users\/7"}],"replies":[{"embeddable":true,"href":"https:\/\/www.evearly.news\/fr\/wp-json\/wp\/v2\/comments?post=246246"}],"version-history":[{"count":1,"href":"https:\/\/www.evearly.news\/fr\/wp-json\/wp\/v2\/posts\/246246\/revisions"}],"predecessor-version":[{"id":252877,"href":"https:\/\/www.evearly.news\/fr\/wp-json\/wp\/v2\/posts\/246246\/revisions\/252877"}],"wp:attachment":[{"href":"https:\/\/www.evearly.news\/fr\/wp-json\/wp\/v2\/media?parent=246246"}],"wp:term":[{"taxonomy":"category","embeddable":true,"href":"https:\/\/www.evearly.news\/fr\/wp-json\/wp\/v2\/categories?post=246246"},{"taxonomy":"post_tag","embeddable":true,"href":"https:\/\/www.evearly.news\/fr\/wp-json\/wp\/v2\/tags?post=246246"}],"curies":[{"name":"wp","href":"https:\/\/api.w.org\/{rel}","templated":true}]}}