{"id":246333,"date":"2023-07-06T09:47:36","date_gmt":"2023-07-06T07:47:36","guid":{"rendered":"https:\/\/news.evearly.com\/voici-la-future-plateforme-de-la-peugeot-e-3008-avec-ses-700-km-dautonomie\/"},"modified":"2023-12-06T10:46:45","modified_gmt":"2023-12-06T09:46:45","slug":"voici-la-future-plateforme-de-la-peugeot-e-3008-avec-ses-700-km-dautonomie","status":"publish","type":"post","link":"https:\/\/www.evearly.news\/fr\/voici-la-future-plateforme-de-la-peugeot-e-3008-avec-ses-700-km-dautonomie\/","title":{"rendered":"Voici la future plateforme de la Peugeot e-3008, avec ses 700 km d\u2019autonomie"},"content":{"rendered":"<p><img decoding=\"async\" width=\"1200\" height=\"900\" src=\"https:\/\/news.evearly.com\/wp-content\/uploads\/2023\/07\/voici-la-future-plateforme-de-la-peugeot-e-3008-avec-ses-700-km-dautonomie.jpg\" class=\"attachment-large size-large wp-post-image\" alt=\"Peugeot e-3008\" loading=\"lazy\" \/><br \/>Attendue pour la fin de l&rsquo;ann\u00e9e, la nouvelle Peugeot e-3008 commence tout doucement sa campagne de teasing. Le SUV \u00e9lectrique nous d\u00e9voile d\u00e9sormais quelques informations concernant sa plateforme, qui lui permettrait d&rsquo;atteindre les 700 kilom\u00e8tres d&rsquo;autonomie. <a href=\"https:\/\/www.frandroid.com\/marques\/peugeot\/1737521_voici-la-future-plateforme-de-la-peugeot-e-3008-avec-ses-700-km-dautonomie\" target=\"blank\" rel=\"noopener\">Lire la suite&#8230;<\/a><\/p>\n","protected":false},"excerpt":{"rendered":"<p><img decoding=\"async\" width=\"1200\" height=\"900\" src=\"https:\/\/news.evearly.com\/wp-content\/uploads\/2023\/07\/voici-la-future-plateforme-de-la-peugeot-e-3008-avec-ses-700-km-dautonomie.jpg\" class=\"attachment-large size-large wp-post-image\" alt=\"Peugeot e-3008\" loading=\"lazy\" \/><br \/>Attendue pour la fin de l&rsquo;ann\u00e9e, la nouvelle Peugeot e-3008 commence tout doucement sa campagne de teasing. Le SUV \u00e9lectrique nous d\u00e9voile d\u00e9sormais quelques informations concernant sa plateforme, qui lui permettrait d&rsquo;atteindre les 700 kilom\u00e8tres d&rsquo;autonomie. <\/p>\n<p> <a class=\"continue-reading-link\" href=\"https:\/\/www.evearly.news\/fr\/voici-la-future-plateforme-de-la-peugeot-e-3008-avec-ses-700-km-dautonomie\/\"><\/a><\/p>\n","protected":false},"author":6,"featured_media":246334,"comment_status":"closed","ping_status":"closed","sticky":false,"template":"","format":"standard","meta":{"footnotes":""},"categories":[14],"tags":[],"class_list":["post-246333","post","type-post","status-publish","format-standard","has-post-thumbnail","hentry","category-frandroid"],"_links":{"self":[{"href":"https:\/\/www.evearly.news\/fr\/wp-json\/wp\/v2\/posts\/246333","targetHints":{"allow":["GET"]}}],"collection":[{"href":"https:\/\/www.evearly.news\/fr\/wp-json\/wp\/v2\/posts"}],"about":[{"href":"https:\/\/www.evearly.news\/fr\/wp-json\/wp\/v2\/types\/post"}],"author":[{"embeddable":true,"href":"https:\/\/www.evearly.news\/fr\/wp-json\/wp\/v2\/users\/6"}],"replies":[{"embeddable":true,"href":"https:\/\/www.evearly.news\/fr\/wp-json\/wp\/v2\/comments?post=246333"}],"version-history":[{"count":1,"href":"https:\/\/www.evearly.news\/fr\/wp-json\/wp\/v2\/posts\/246333\/revisions"}],"predecessor-version":[{"id":269386,"href":"https:\/\/www.evearly.news\/fr\/wp-json\/wp\/v2\/posts\/246333\/revisions\/269386"}],"wp:featuredmedia":[{"embeddable":true,"href":"https:\/\/www.evearly.news\/fr\/wp-json\/"}],"wp:attachment":[{"href":"https:\/\/www.evearly.news\/fr\/wp-json\/wp\/v2\/media?parent=246333"}],"wp:term":[{"taxonomy":"category","embeddable":true,"href":"https:\/\/www.evearly.news\/fr\/wp-json\/wp\/v2\/categories?post=246333"},{"taxonomy":"post_tag","embeddable":true,"href":"https:\/\/www.evearly.news\/fr\/wp-json\/wp\/v2\/tags?post=246333"}],"curies":[{"name":"wp","href":"https:\/\/api.w.org\/{rel}","templated":true}]}}