{"id":246371,"date":"2023-07-06T12:00:00","date_gmt":"2023-07-06T10:00:00","guid":{"rendered":"https:\/\/news.evearly.com\/chez-skoda-voici-le-break-electrique-qui-pourrait-remplacer-loctavia-combi\/"},"modified":"2023-08-17T04:32:00","modified_gmt":"2023-08-17T04:32:00","slug":"chez-skoda-voici-le-break-electrique-qui-pourrait-remplacer-loctavia-combi","status":"publish","type":"post","link":"https:\/\/www.evearly.news\/fr\/chez-skoda-voici-le-break-electrique-qui-pourrait-remplacer-loctavia-combi\/","title":{"rendered":"Chez Skoda, voici le break \u00e9lectrique qui pourrait remplacer l&rsquo;Octavia Combi"},"content":{"rendered":"<div class=\"media_block\"><img decoding=\"async\" src=\"https:\/\/news.evearly.com\/wp-content\/uploads\/2023\/07\/chez-skoda-voici-le-break-electrique-qui-pourrait-remplacer-loctavia-combi.jpg\"><\/div>\n<p>Les breaks \u00e9lectriques sont encore rares sur le march\u00e9. Sp\u00e9cialiste de cette silhouette, Skoda passera \u00e0 l\u2019offensive en 2026. Voici son portrait. <a href=\"https:\/\/www.automobile-magazine.fr\/scoops\/article\/39350-chez-skoda-voici-le-break-electrique-qui-pourrait-remplacer-loctavia-combi\" target='bwindow' rel=\"noopener\">Lire la suite&#8230;<\/a><\/p>\n","protected":false},"excerpt":{"rendered":"<div class=\"media_block\"><img decoding=\"async\" src=\"https:\/\/news.evearly.com\/wp-content\/uploads\/2023\/07\/chez-skoda-voici-le-break-electrique-qui-pourrait-remplacer-loctavia-combi.jpg\"><\/div>\n<p> <a class=\"continue-reading-link\" href=\"https:\/\/www.evearly.news\/fr\/chez-skoda-voici-le-break-electrique-qui-pourrait-remplacer-loctavia-combi\/\"><\/a><\/p>\n","protected":false},"author":7,"featured_media":0,"comment_status":"closed","ping_status":"closed","sticky":false,"template":"","format":"standard","meta":{"footnotes":""},"categories":[7],"tags":[],"class_list":["post-246371","post","type-post","status-publish","format-standard","hentry","category-automobile-magazine"],"_links":{"self":[{"href":"https:\/\/www.evearly.news\/fr\/wp-json\/wp\/v2\/posts\/246371","targetHints":{"allow":["GET"]}}],"collection":[{"href":"https:\/\/www.evearly.news\/fr\/wp-json\/wp\/v2\/posts"}],"about":[{"href":"https:\/\/www.evearly.news\/fr\/wp-json\/wp\/v2\/types\/post"}],"author":[{"embeddable":true,"href":"https:\/\/www.evearly.news\/fr\/wp-json\/wp\/v2\/users\/7"}],"replies":[{"embeddable":true,"href":"https:\/\/www.evearly.news\/fr\/wp-json\/wp\/v2\/comments?post=246371"}],"version-history":[{"count":1,"href":"https:\/\/www.evearly.news\/fr\/wp-json\/wp\/v2\/posts\/246371\/revisions"}],"predecessor-version":[{"id":252873,"href":"https:\/\/www.evearly.news\/fr\/wp-json\/wp\/v2\/posts\/246371\/revisions\/252873"}],"wp:attachment":[{"href":"https:\/\/www.evearly.news\/fr\/wp-json\/wp\/v2\/media?parent=246371"}],"wp:term":[{"taxonomy":"category","embeddable":true,"href":"https:\/\/www.evearly.news\/fr\/wp-json\/wp\/v2\/categories?post=246371"},{"taxonomy":"post_tag","embeddable":true,"href":"https:\/\/www.evearly.news\/fr\/wp-json\/wp\/v2\/tags?post=246371"}],"curies":[{"name":"wp","href":"https:\/\/api.w.org\/{rel}","templated":true}]}}