{"id":246373,"date":"2023-07-06T12:41:57","date_gmt":"2023-07-06T10:41:57","guid":{"rendered":"https:\/\/news.evearly.com\/pourquoi-la-tesla-model-3-pourrait-se-faire-remplacer-par-la-mg4-en-france\/"},"modified":"2023-12-06T10:46:43","modified_gmt":"2023-12-06T09:46:43","slug":"pourquoi-la-tesla-model-3-pourrait-se-faire-remplacer-par-la-mg4-en-france","status":"publish","type":"post","link":"https:\/\/www.evearly.news\/fr\/pourquoi-la-tesla-model-3-pourrait-se-faire-remplacer-par-la-mg4-en-france\/","title":{"rendered":"Pourquoi la Tesla Model 3 pourrait se faire remplacer par la MG4 en France"},"content":{"rendered":"<p><img decoding=\"async\" width=\"1200\" height=\"800\" src=\"https:\/\/news.evearly.com\/wp-content\/uploads\/2023\/07\/pourquoi-la-tesla-model-3-pourrait-se-faire-remplacer-par-la-mg4-en-france.jpg\" class=\"attachment-large size-large wp-post-image\" alt=\"\" loading=\"lazy\" \/><br \/>Le groupe chinois SAIC est actuellement en train de travailler \u00e0 l&rsquo;installation d&rsquo;une usine en Europe afin d&rsquo;y produire ses voitures \u00e9lectriques, dont la MG4. La compacte \u00e9lectrique pourrait donc toujours \u00eatre \u00e9ligible au bonus \u00e9cologique dans le futur, ce qui devrait faire beaucoup de mal \u00e0 Tesla et sa Model 3, alors que cette derni\u00e8re pourrait \u00eatre priv\u00e9e de cette aide financi\u00e8re, avec un prix qui repartirait \u00e0 la hausse. <a href=\"https:\/\/www.frandroid.com\/marques\/mg\/1737637_pourquoi-la-tesla-model-3-pourrait-se-faire-remplacer-par-la-mg4-en-france\" target=\"blank\" rel=\"noopener\">Lire la suite&#8230;<\/a><\/p>\n","protected":false},"excerpt":{"rendered":"<p><img decoding=\"async\" width=\"1200\" height=\"800\" src=\"https:\/\/news.evearly.com\/wp-content\/uploads\/2023\/07\/pourquoi-la-tesla-model-3-pourrait-se-faire-remplacer-par-la-mg4-en-france.jpg\" class=\"attachment-large size-large wp-post-image\" alt=\"\" loading=\"lazy\" \/><br \/>Le groupe chinois SAIC est actuellement en train de travailler \u00e0 l&rsquo;installation d&rsquo;une usine en Europe afin d&rsquo;y produire ses voitures \u00e9lectriques, dont la MG4. La compacte \u00e9lectrique pourrait donc toujours \u00eatre \u00e9ligible au bonus \u00e9cologique dans le futur, ce qui devrait faire beaucoup de mal \u00e0 Tesla et sa Model 3, alors que cette derni\u00e8re pourrait \u00eatre priv\u00e9e de cette aide financi\u00e8re, avec un prix qui repartirait \u00e0 la hausse.<\/p>\n<p> <a class=\"continue-reading-link\" href=\"https:\/\/www.evearly.news\/fr\/pourquoi-la-tesla-model-3-pourrait-se-faire-remplacer-par-la-mg4-en-france\/\"><\/a><\/p>\n","protected":false},"author":6,"featured_media":246374,"comment_status":"closed","ping_status":"closed","sticky":false,"template":"","format":"standard","meta":{"footnotes":""},"categories":[14],"tags":[],"class_list":["post-246373","post","type-post","status-publish","format-standard","has-post-thumbnail","hentry","category-frandroid"],"_links":{"self":[{"href":"https:\/\/www.evearly.news\/fr\/wp-json\/wp\/v2\/posts\/246373","targetHints":{"allow":["GET"]}}],"collection":[{"href":"https:\/\/www.evearly.news\/fr\/wp-json\/wp\/v2\/posts"}],"about":[{"href":"https:\/\/www.evearly.news\/fr\/wp-json\/wp\/v2\/types\/post"}],"author":[{"embeddable":true,"href":"https:\/\/www.evearly.news\/fr\/wp-json\/wp\/v2\/users\/6"}],"replies":[{"embeddable":true,"href":"https:\/\/www.evearly.news\/fr\/wp-json\/wp\/v2\/comments?post=246373"}],"version-history":[{"count":1,"href":"https:\/\/www.evearly.news\/fr\/wp-json\/wp\/v2\/posts\/246373\/revisions"}],"predecessor-version":[{"id":269384,"href":"https:\/\/www.evearly.news\/fr\/wp-json\/wp\/v2\/posts\/246373\/revisions\/269384"}],"wp:featuredmedia":[{"embeddable":true,"href":"https:\/\/www.evearly.news\/fr\/wp-json\/"}],"wp:attachment":[{"href":"https:\/\/www.evearly.news\/fr\/wp-json\/wp\/v2\/media?parent=246373"}],"wp:term":[{"taxonomy":"category","embeddable":true,"href":"https:\/\/www.evearly.news\/fr\/wp-json\/wp\/v2\/categories?post=246373"},{"taxonomy":"post_tag","embeddable":true,"href":"https:\/\/www.evearly.news\/fr\/wp-json\/wp\/v2\/tags?post=246373"}],"curies":[{"name":"wp","href":"https:\/\/api.w.org\/{rel}","templated":true}]}}