{"id":246379,"date":"2023-07-06T13:00:01","date_gmt":"2023-07-06T11:00:01","guid":{"rendered":"https:\/\/news.evearly.com\/voici-lemily-gt-la-berline-electrique-imaginee-par-les-anciens-de-saab\/"},"modified":"2023-12-06T11:22:18","modified_gmt":"2023-12-06T10:22:18","slug":"voici-lemily-gt-la-berline-electrique-imaginee-par-les-anciens-de-saab","status":"publish","type":"post","link":"https:\/\/www.evearly.news\/fr\/voici-lemily-gt-la-berline-electrique-imaginee-par-les-anciens-de-saab\/","title":{"rendered":"Voici l&rsquo;Emily GT: la berline \u00e9lectrique imagin\u00e9e par les anciens de Saab"},"content":{"rendered":"<div class=\"media_block\"><img decoding=\"async\" src=\"https:\/\/news.evearly.com\/wp-content\/uploads\/2023\/07\/voici-lemily-gt-la-berline-electrique-imaginee-par-les-anciens-de-saab.jpg\"><\/div>\n<p>Quand Saab a fait faillite en 2011, NEVS a rachet\u00e9 ses actifs et a imagin\u00e9 une \u00e9lectrique \u00e0 quatre moteurs, l&rsquo;Emily GT.<a href=\"https:\/\/insideevs.fr\/news\/675292\/emily-gt-anciens-saab\/\" target=\"blank\" rel=\"noopener\"> Lire la suite&#8230;<\/a><\/p>\n","protected":false},"excerpt":{"rendered":"<div class=\"media_block\"><img decoding=\"async\" src=\"https:\/\/news.evearly.com\/wp-content\/uploads\/2023\/07\/voici-lemily-gt-la-berline-electrique-imaginee-par-les-anciens-de-saab.jpg\"><\/div>\n<p>Quand Saab a fait faillite en 2011, NEVS a rachet\u00e9 ses actifs et a imagin\u00e9 une \u00e9lectrique \u00e0 quatre moteurs, l&rsquo;Emily GT. <a class=\"continue-reading-link\" href=\"https:\/\/www.evearly.news\/fr\/voici-lemily-gt-la-berline-electrique-imaginee-par-les-anciens-de-saab\/\"><\/a><\/p>\n","protected":false},"author":14,"featured_media":246380,"comment_status":"closed","ping_status":"closed","sticky":false,"template":"","format":"standard","meta":{"footnotes":""},"categories":[15],"tags":[],"class_list":["post-246379","post","type-post","status-publish","format-standard","has-post-thumbnail","hentry","category-insideevs"],"_links":{"self":[{"href":"https:\/\/www.evearly.news\/fr\/wp-json\/wp\/v2\/posts\/246379","targetHints":{"allow":["GET"]}}],"collection":[{"href":"https:\/\/www.evearly.news\/fr\/wp-json\/wp\/v2\/posts"}],"about":[{"href":"https:\/\/www.evearly.news\/fr\/wp-json\/wp\/v2\/types\/post"}],"author":[{"embeddable":true,"href":"https:\/\/www.evearly.news\/fr\/wp-json\/wp\/v2\/users\/14"}],"replies":[{"embeddable":true,"href":"https:\/\/www.evearly.news\/fr\/wp-json\/wp\/v2\/comments?post=246379"}],"version-history":[{"count":1,"href":"https:\/\/www.evearly.news\/fr\/wp-json\/wp\/v2\/posts\/246379\/revisions"}],"predecessor-version":[{"id":269992,"href":"https:\/\/www.evearly.news\/fr\/wp-json\/wp\/v2\/posts\/246379\/revisions\/269992"}],"wp:featuredmedia":[{"embeddable":true,"href":"https:\/\/www.evearly.news\/fr\/wp-json\/"}],"wp:attachment":[{"href":"https:\/\/www.evearly.news\/fr\/wp-json\/wp\/v2\/media?parent=246379"}],"wp:term":[{"taxonomy":"category","embeddable":true,"href":"https:\/\/www.evearly.news\/fr\/wp-json\/wp\/v2\/categories?post=246379"},{"taxonomy":"post_tag","embeddable":true,"href":"https:\/\/www.evearly.news\/fr\/wp-json\/wp\/v2\/tags?post=246379"}],"curies":[{"name":"wp","href":"https:\/\/api.w.org\/{rel}","templated":true}]}}