{"id":246495,"date":"2023-07-07T09:23:36","date_gmt":"2023-07-07T07:23:36","guid":{"rendered":"https:\/\/news.evearly.com\/la-dacia-spring-se-prepare-a-changer-de-look-faut-il-esperer-une-meilleure-autonomie\/"},"modified":"2023-12-06T10:46:39","modified_gmt":"2023-12-06T09:46:39","slug":"la-dacia-spring-se-prepare-a-changer-de-look-faut-il-esperer-une-meilleure-autonomie","status":"publish","type":"post","link":"https:\/\/www.evearly.news\/fr\/la-dacia-spring-se-prepare-a-changer-de-look-faut-il-esperer-une-meilleure-autonomie\/","title":{"rendered":"La Dacia Spring se pr\u00e9pare \u00e0 changer de look : faut-il esp\u00e9rer une meilleure autonomie ?"},"content":{"rendered":"<p><img decoding=\"async\" width=\"1200\" height=\"800\" src=\"https:\/\/news.evearly.com\/wp-content\/uploads\/2023\/07\/la-dacia-spring-se-prepare-a-changer-de-look-faut-il-esperer-une-meilleure-autonomie.jpg\" class=\"attachment-large size-large wp-post-image\" alt=\"\" loading=\"lazy\" \/><br \/>Deux ans apr\u00e8s son arriv\u00e9e sur le march\u00e9, la Dacia Spring 100 % \u00e9lectrique s&rsquo;appr\u00eate \u00e0 s&rsquo;offrir un petit restylage. Mais ce n&rsquo;est pas tout, car la citadine \u00e9lectrique low-cost va aussi faire ses premiers pas sur le march\u00e9 britannique, ce qui devrait l&rsquo;aider \u00e0 faire grimper ses ventes. <a href=\"https:\/\/www.frandroid.com\/survoltes\/voitures-electriques\/1738737_la-dacia-spring-se-prepare-a-changer-de-look-faut-il-esperer-une-meilleure-autonomie\" target=\"blank\" rel=\"noopener\">Lire la suite&#8230;<\/a><\/p>\n","protected":false},"excerpt":{"rendered":"<p><img decoding=\"async\" width=\"1200\" height=\"800\" src=\"https:\/\/news.evearly.com\/wp-content\/uploads\/2023\/07\/la-dacia-spring-se-prepare-a-changer-de-look-faut-il-esperer-une-meilleure-autonomie.jpg\" class=\"attachment-large size-large wp-post-image\" alt=\"\" loading=\"lazy\" \/><br \/>Deux ans apr\u00e8s son arriv\u00e9e sur le march\u00e9, la Dacia Spring 100 % \u00e9lectrique s&rsquo;appr\u00eate \u00e0 s&rsquo;offrir un petit restylage. Mais ce n&rsquo;est pas tout, car la citadine \u00e9lectrique low-cost va aussi faire ses premiers pas sur le march\u00e9 britannique, ce qui devrait l&rsquo;aider \u00e0 faire grimper ses ventes.\n<\/p>\n<p> <a class=\"continue-reading-link\" href=\"https:\/\/www.evearly.news\/fr\/la-dacia-spring-se-prepare-a-changer-de-look-faut-il-esperer-une-meilleure-autonomie\/\"><\/a><\/p>\n","protected":false},"author":6,"featured_media":246496,"comment_status":"closed","ping_status":"closed","sticky":false,"template":"","format":"standard","meta":{"footnotes":""},"categories":[14],"tags":[],"class_list":["post-246495","post","type-post","status-publish","format-standard","has-post-thumbnail","hentry","category-frandroid"],"_links":{"self":[{"href":"https:\/\/www.evearly.news\/fr\/wp-json\/wp\/v2\/posts\/246495","targetHints":{"allow":["GET"]}}],"collection":[{"href":"https:\/\/www.evearly.news\/fr\/wp-json\/wp\/v2\/posts"}],"about":[{"href":"https:\/\/www.evearly.news\/fr\/wp-json\/wp\/v2\/types\/post"}],"author":[{"embeddable":true,"href":"https:\/\/www.evearly.news\/fr\/wp-json\/wp\/v2\/users\/6"}],"replies":[{"embeddable":true,"href":"https:\/\/www.evearly.news\/fr\/wp-json\/wp\/v2\/comments?post=246495"}],"version-history":[{"count":1,"href":"https:\/\/www.evearly.news\/fr\/wp-json\/wp\/v2\/posts\/246495\/revisions"}],"predecessor-version":[{"id":269381,"href":"https:\/\/www.evearly.news\/fr\/wp-json\/wp\/v2\/posts\/246495\/revisions\/269381"}],"wp:featuredmedia":[{"embeddable":true,"href":"https:\/\/www.evearly.news\/fr\/wp-json\/"}],"wp:attachment":[{"href":"https:\/\/www.evearly.news\/fr\/wp-json\/wp\/v2\/media?parent=246495"}],"wp:term":[{"taxonomy":"category","embeddable":true,"href":"https:\/\/www.evearly.news\/fr\/wp-json\/wp\/v2\/categories?post=246495"},{"taxonomy":"post_tag","embeddable":true,"href":"https:\/\/www.evearly.news\/fr\/wp-json\/wp\/v2\/tags?post=246495"}],"curies":[{"name":"wp","href":"https:\/\/api.w.org\/{rel}","templated":true}]}}