{"id":246497,"date":"2023-07-07T09:25:28","date_gmt":"2023-07-07T07:25:28","guid":{"rendered":"https:\/\/news.evearly.com\/afbe-avem-un-partenariat-pour-developper-le-bateau-electrique\/"},"modified":"2023-08-17T18:32:34","modified_gmt":"2023-08-17T18:32:34","slug":"afbe-avem-un-partenariat-pour-developper-le-bateau-electrique","status":"publish","type":"post","link":"https:\/\/www.evearly.news\/fr\/afbe-avem-un-partenariat-pour-developper-le-bateau-electrique\/","title":{"rendered":"AFBE &amp; AVEM : un partenariat pour d\u00e9velopper le bateau \u00e9lectrique"},"content":{"rendered":"<p><img loading=\"lazy\" decoding=\"async\" width=\"1200\" height=\"627\" src=\"https:\/\/news.evearly.com\/wp-content\/uploads\/2023\/07\/afbe-avem-un-partenariat-pour-developper-le-bateau-electrique.png\" class=\"attachment-post-thumbnail size-post-thumbnail wp-post-image\" alt=\"AFBE AVEM\" \/>L\u2019association AVEM vient d\u2019officialiser un partenariat avec l\u2019AFBE, l\u2019Association Fran\u00e7aise pour le Bateau Electrique.\u00a0 Une collaboration pour d\u00e9carboner le secteur du nautisme et de la plaisance L\u2019AFBE a \u00e9t\u00e9 cr\u00e9\u00e9e en 1994 \u00e0 Bordeaux par des partenaires issus d\u2019horizons professionnels diff\u00e9rents \u2013 universitaires, chercheurs, ing\u00e9nieurs et industriels \u2013 dans l\u2019objectif [\u2026] <a href=\"https:\/\/www.avem.fr\/2023\/07\/07\/afbe-avem-un-partenariat-pour-developper-le-bateau-electrique\/\" target=\"blank\" rel=\"noopener\">Lire la suite&#8230;<\/a><\/p>\n","protected":false},"excerpt":{"rendered":"<p><img loading=\"lazy\" decoding=\"async\" width=\"1200\" height=\"627\" src=\"https:\/\/news.evearly.com\/wp-content\/uploads\/2023\/07\/afbe-avem-un-partenariat-pour-developper-le-bateau-electrique.png\" class=\"attachment-post-thumbnail size-post-thumbnail wp-post-image\" alt=\"AFBE AVEM\" \/>L\u2019association AVEM vient d\u2019officialiser un partenariat avec l\u2019AFBE, l\u2019Association Fran\u00e7aise pour le Bateau Electrique.\u00a0 Une collaboration pour d\u00e9carboner le secteur du nautisme et de la plaisance L\u2019AFBE a \u00e9t\u00e9 cr\u00e9\u00e9e en 1994 \u00e0 Bordeaux par des partenaires issus d\u2019horizons professionnels diff\u00e9rents \u2013 universitaires, chercheurs, ing\u00e9nieurs et industriels \u2013 dans l\u2019objectif [\u2026] <a class=\"continue-reading-link\" href=\"https:\/\/www.evearly.news\/fr\/afbe-avem-un-partenariat-pour-developper-le-bateau-electrique\/\"><\/a><\/p>\n","protected":false},"author":3,"featured_media":0,"comment_status":"closed","ping_status":"closed","sticky":false,"template":"","format":"standard","meta":{"footnotes":""},"categories":[3],"tags":[],"class_list":["post-246497","post","type-post","status-publish","format-standard","hentry","category-avem"],"_links":{"self":[{"href":"https:\/\/www.evearly.news\/fr\/wp-json\/wp\/v2\/posts\/246497","targetHints":{"allow":["GET"]}}],"collection":[{"href":"https:\/\/www.evearly.news\/fr\/wp-json\/wp\/v2\/posts"}],"about":[{"href":"https:\/\/www.evearly.news\/fr\/wp-json\/wp\/v2\/types\/post"}],"author":[{"embeddable":true,"href":"https:\/\/www.evearly.news\/fr\/wp-json\/wp\/v2\/users\/3"}],"replies":[{"embeddable":true,"href":"https:\/\/www.evearly.news\/fr\/wp-json\/wp\/v2\/comments?post=246497"}],"version-history":[{"count":1,"href":"https:\/\/www.evearly.news\/fr\/wp-json\/wp\/v2\/posts\/246497\/revisions"}],"predecessor-version":[{"id":256232,"href":"https:\/\/www.evearly.news\/fr\/wp-json\/wp\/v2\/posts\/246497\/revisions\/256232"}],"wp:attachment":[{"href":"https:\/\/www.evearly.news\/fr\/wp-json\/wp\/v2\/media?parent=246497"}],"wp:term":[{"taxonomy":"category","embeddable":true,"href":"https:\/\/www.evearly.news\/fr\/wp-json\/wp\/v2\/categories?post=246497"},{"taxonomy":"post_tag","embeddable":true,"href":"https:\/\/www.evearly.news\/fr\/wp-json\/wp\/v2\/tags?post=246497"}],"curies":[{"name":"wp","href":"https:\/\/api.w.org\/{rel}","templated":true}]}}