{"id":246651,"date":"2023-07-08T04:16:42","date_gmt":"2023-07-08T02:16:42","guid":{"rendered":"https:\/\/news.evearly.com\/la-sncf-devient-productrice-denergie-solaire-avec-sa-nouvelle-filiale-sncf-renouvelables\/"},"modified":"2023-08-28T15:56:29","modified_gmt":"2023-08-28T15:56:29","slug":"la-sncf-devient-productrice-denergie-solaire-avec-sa-nouvelle-filiale-sncf-renouvelables","status":"publish","type":"post","link":"https:\/\/www.evearly.news\/fr\/la-sncf-devient-productrice-denergie-solaire-avec-sa-nouvelle-filiale-sncf-renouvelables\/","title":{"rendered":"La SNCF devient productrice d\u2019\u00e9nergie solaire avec sa nouvelle filiale \u00abSNCF renouvelables\u00bb"},"content":{"rendered":"<p><img decoding=\"async\" class=\"asset asset-image at-xid-6a00d8341bfe5d53ef02c1a6ccfdfd200b img-responsive\" style=\"width: 580px;\" title=\"SNCF_Renouvelable\" src=\"https:\/\/tecsol.blogs.com\/.a\/6a00d8341bfe5d53ef02c1a6ccfdfd200b-580wi\" alt=\"SNCF_Renouvelable\" \/><br \/>\nPremi\u00e8re industrie consommatrice d\u2019\u00e9lectricit\u00e9 en France, la SNCF cr\u00e9e sa filiale \u00abSNCF Renouvelables \u00bb, d\u00e9di\u00e9e au d\u00e9veloppement et \u00e0 l\u2019installation de capacit\u00e9s d\u2019\u00e9nergies renouvelables sur ses r\u00e9serves fonci\u00e8res, parmi les plus importantes du pays. La production autonome de cette \u00e9nergie,&#8230;\u00a0\u00a0\u00a0\u00a0<a href=\"https:\/\/feeds.feedblitz.com\/~\/751776215\/0\/tecsol~La-SNCF-devient-productrice-d%e2%80%99%c3%a9nergie-solaire-avec-sa-nouvelle-filiale-%c2%abSNCF-renouvelables%c2%bb.html\" target=\"bwindow\" rel=\"noopener\">Lire la suite&#8230;<\/a><\/p>\n","protected":false},"excerpt":{"rendered":"<p>&#8230; <a class=\"continue-reading-link\" href=\"https:\/\/www.evearly.news\/fr\/la-sncf-devient-productrice-denergie-solaire-avec-sa-nouvelle-filiale-sncf-renouvelables\/\"><\/a><\/p>\n","protected":false},"author":25,"featured_media":0,"comment_status":"closed","ping_status":"closed","sticky":false,"template":"","format":"standard","meta":{"footnotes":""},"categories":[22],"tags":[],"class_list":["post-246651","post","type-post","status-publish","format-standard","hentry","category-tecsol"],"_links":{"self":[{"href":"https:\/\/www.evearly.news\/fr\/wp-json\/wp\/v2\/posts\/246651","targetHints":{"allow":["GET"]}}],"collection":[{"href":"https:\/\/www.evearly.news\/fr\/wp-json\/wp\/v2\/posts"}],"about":[{"href":"https:\/\/www.evearly.news\/fr\/wp-json\/wp\/v2\/types\/post"}],"author":[{"embeddable":true,"href":"https:\/\/www.evearly.news\/fr\/wp-json\/wp\/v2\/users\/25"}],"replies":[{"embeddable":true,"href":"https:\/\/www.evearly.news\/fr\/wp-json\/wp\/v2\/comments?post=246651"}],"version-history":[{"count":1,"href":"https:\/\/www.evearly.news\/fr\/wp-json\/wp\/v2\/posts\/246651\/revisions"}],"predecessor-version":[{"id":260992,"href":"https:\/\/www.evearly.news\/fr\/wp-json\/wp\/v2\/posts\/246651\/revisions\/260992"}],"wp:attachment":[{"href":"https:\/\/www.evearly.news\/fr\/wp-json\/wp\/v2\/media?parent=246651"}],"wp:term":[{"taxonomy":"category","embeddable":true,"href":"https:\/\/www.evearly.news\/fr\/wp-json\/wp\/v2\/categories?post=246651"},{"taxonomy":"post_tag","embeddable":true,"href":"https:\/\/www.evearly.news\/fr\/wp-json\/wp\/v2\/tags?post=246651"}],"curies":[{"name":"wp","href":"https:\/\/api.w.org\/{rel}","templated":true}]}}