{"id":246739,"date":"2023-07-10T10:00:00","date_gmt":"2023-07-10T10:00:00","guid":{"rendered":"https:\/\/news.evearly.com\/?p=246739"},"modified":"2023-08-18T14:36:54","modified_gmt":"2023-08-18T14:36:54","slug":"scoop-porsche-cayenne-ev-place-a-lelectrique","status":"publish","type":"post","link":"https:\/\/www.evearly.news\/fr\/scoop-porsche-cayenne-ev-place-a-lelectrique\/","title":{"rendered":"Scoop \u2013 Porsche Cayenne EV\u00a0: place \u00e0 l\u2019\u00e9lectrique"},"content":{"rendered":"<p><img decoding=\"async\" src=\"https:\/\/news.evearly.com\/wp-content\/uploads\/2023\/07\/scoop-porsche-cayenne-ev-place-a-lelectrique.jpg\" \/> Porsche investit massivement afin de convertir l\u2019ensemble de sa gamme \u00e0 l\u2019\u00e9lectrique. On connaissait d\u00e9j\u00e0 la famille Porsche Taycan, il y aura bient\u00f4t un Porsche Macan \u00e9lectrique puis les Boxster et Cayman sur batteries. Le Porsche Cayenne va lui aussi se convertir, mais pas avant 2026. Pour le moment, des mulets de ce mod\u00e8le sont en phase de test. <a href=\"https:\/\/www.caradisiac.com\/scoop-porsche-cayenne-ev-place-a-l-electrique-203291.htm#xtor=RSS-40\" target=\"blank\" rel=\"noopener\">Lire la suite&#8230;<\/a><\/p>\n","protected":false},"excerpt":{"rendered":"<p><img decoding=\"async\" src=\"https:\/\/news.evearly.com\/wp-content\/uploads\/2023\/07\/scoop-porsche-cayenne-ev-place-a-lelectrique.jpg\" \/><br \/>\n\t\t\t\t\tPorsche investit massivement afin de convertir l\u2019ensemble de sa gamme \u00e0 l\u2019\u00e9lectrique. On connaissait d\u00e9j\u00e0 la famille Porsche Taycan, il y aura bient\u00f4t un Porsche Macan \u00e9lectrique puis les Boxster et Cayman sur batteries. Le Porsche Cayenne va lui aussi se convertir, mais pas avant 2026. Pour le moment, des mulets de ce mod\u00e8le sont en phase de test.<\/p>\n<p> <a class=\"continue-reading-link\" href=\"https:\/\/www.evearly.news\/fr\/scoop-porsche-cayenne-ev-place-a-lelectrique\/\"><\/a><\/p>\n","protected":false},"author":11,"featured_media":0,"comment_status":"closed","ping_status":"closed","sticky":false,"template":"","format":"standard","meta":{"footnotes":""},"categories":[11],"tags":[],"class_list":["post-246739","post","type-post","status-publish","format-standard","hentry","category-caradisiac"],"_links":{"self":[{"href":"https:\/\/www.evearly.news\/fr\/wp-json\/wp\/v2\/posts\/246739","targetHints":{"allow":["GET"]}}],"collection":[{"href":"https:\/\/www.evearly.news\/fr\/wp-json\/wp\/v2\/posts"}],"about":[{"href":"https:\/\/www.evearly.news\/fr\/wp-json\/wp\/v2\/types\/post"}],"author":[{"embeddable":true,"href":"https:\/\/www.evearly.news\/fr\/wp-json\/wp\/v2\/users\/11"}],"replies":[{"embeddable":true,"href":"https:\/\/www.evearly.news\/fr\/wp-json\/wp\/v2\/comments?post=246739"}],"version-history":[{"count":1,"href":"https:\/\/www.evearly.news\/fr\/wp-json\/wp\/v2\/posts\/246739\/revisions"}],"predecessor-version":[{"id":257600,"href":"https:\/\/www.evearly.news\/fr\/wp-json\/wp\/v2\/posts\/246739\/revisions\/257600"}],"wp:attachment":[{"href":"https:\/\/www.evearly.news\/fr\/wp-json\/wp\/v2\/media?parent=246739"}],"wp:term":[{"taxonomy":"category","embeddable":true,"href":"https:\/\/www.evearly.news\/fr\/wp-json\/wp\/v2\/categories?post=246739"},{"taxonomy":"post_tag","embeddable":true,"href":"https:\/\/www.evearly.news\/fr\/wp-json\/wp\/v2\/tags?post=246739"}],"curies":[{"name":"wp","href":"https:\/\/api.w.org\/{rel}","templated":true}]}}